{"id":57254,"date":"2025-11-06T23:37:14","date_gmt":"2025-11-07T04:37:14","guid":{"rendered":"https:\/\/www.radiosanctispiritus.cu\/es\/?p=57254"},"modified":"2025-11-06T23:37:14","modified_gmt":"2025-11-07T04:37:14","slug":"diaz-canel-valora-la-respuesta-del-pueblo-de-la-region-oriental-tras-melissa","status":"publish","type":"post","link":"https:\/\/www.radiosanctispiritus.cu\/es\/diaz-canel-valora-la-respuesta-del-pueblo-de-la-region-oriental-tras-melissa\/","title":{"rendered":"D\u00edaz-Canel valora la respuesta del pueblo de la regi\u00f3n oriental tras Melissa"},"content":{"rendered":"<p>El presidente de Cuba, Miguel D\u00edaz-Canel, resalt\u00f3 este jueves los esfuerzos gubernamentales para proteger la vida de los ciudadanos durante el reciente paso del hurac\u00e1n Melissa por regiones del oriente de la isla.<\/p>\n<p>Durante el programa Desde la Presidencia, transmitido en el habitual espacio de la televisi\u00f3n cubana Mesa Redonda, el jefe de Estado asegur\u00f3 que ello fue un logro, a pesar de la destrucci\u00f3n y situaciones dram\u00e1ticas provocadas por el evento meteorol\u00f3gico.<\/p>\n<p>\u00abHasta este momento no hemos tenido que lamentar la p\u00e9rdida de ninguna persona\u00bb, manifest\u00f3 D\u00edaz-Canel al evaluar los estragos de Melissa y revisar c\u00f3mo marcha la recuperaci\u00f3n en una reuni\u00f3n del Consejo de Defensa Nacional.<\/p>\n<p>Asimismo, subray\u00f3 la importancia de las labores de prevenci\u00f3n y evacuaci\u00f3n para proteger a la poblaci\u00f3n y salvaguardar la mayor cantidad de recursos posibles.<\/p>\n<p>Respecto a ese particular, el mandatario alert\u00f3 acerca de la necesidad de persuadir a los pobladores para cumplir las medidas establecidas en situaciones extremas y mejorar la eficacia de los procesos previstos en el Sistema de Defensa Nacional.<\/p>\n<p>No obstante, consider\u00f3 que en las zonas afectadas se pudo sobrevivir a Melissa, gracias a la organizaci\u00f3n, la unidad y la voluntad popular.<\/p>\n<p>Los Consejos de Defensa, con la participaci\u00f3n protag\u00f3nica del pueblo, actuaron con responsabilidad, agilidad, disciplina y tambi\u00e9n con hero\u00edsmo y solidaridad, manifest\u00f3.<\/p>\n<p>Hubo excepciones, dijo, pero la nota predominante fue la resiliencia de los cubanos y las cubanas.<\/p>\n<p>Si fu\u00e9ramos a dar una nota, una calificaci\u00f3n, ser\u00eda excelente, opin\u00f3 el presidente cubano.<\/p>\n<p>Por otra parte, refiri\u00f3 que fueron afectadas m\u00e1s de 70 mil viviendas y hubo m\u00e1s de cuatro mil derrumbes totales, adem\u00e1s de cientos de miles de hect\u00e1reas de cultivo da\u00f1adas.<\/p>\n<p>Hasta este momento, explic\u00f3, se han recuperado m\u00e1s de dos mil viviendas y, en muchos lugares, m\u00e1s del 50 por ciento de las personas cuenta con servicio el\u00e9ctrico.<\/p>\n<p>Fueron protegidos un mill\u00f3n 312 mil habitantes, incluidos 933 mil en viviendas de familiares, amigos y vecinos, se\u00f1al\u00f3, y apunt\u00f3 que m\u00e1s de 54 mil permanecen evacuados.<\/p>\n","protected":false},"excerpt":{"rendered":"<p>El presidente de Cuba, Miguel D\u00edaz-Canel, resalt\u00f3 este jueves los esfuerzos gubernamentales para proteger la vida de los ciudadanos durante el reciente paso del hurac\u00e1n Melissa por regiones del oriente de la isla.<\/p>\n","protected":false},"author":22,"featured_media":57255,"comment_status":"open","ping_status":"open","sticky":false,"template":"","format":"standard","meta":{"_acf_changed":false,"footnotes":""},"categories":[8,3,16],"tags":[368,2089,28,195],"coauthors":[1882],"class_list":["post-57254","post","type-post","status-publish","format-standard","has-post-thumbnail","hentry","category-noticia","category-cuba","category-economia","tag-huracan","tag-melissa","tag-miguel-diaz-canel","tag-recuperacion"],"acf":[],"_links":{"self":[{"href":"https:\/\/www.radiosanctispiritus.cu\/es\/wp-json\/wp\/v2\/posts\/57254","targetHints":{"allow":["GET"]}}],"collection":[{"href":"https:\/\/www.radiosanctispiritus.cu\/es\/wp-json\/wp\/v2\/posts"}],"about":[{"href":"https:\/\/www.radiosanctispiritus.cu\/es\/wp-json\/wp\/v2\/types\/post"}],"author":[{"embeddable":true,"href":"https:\/\/www.radiosanctispiritus.cu\/es\/wp-json\/wp\/v2\/users\/22"}],"replies":[{"embeddable":true,"href":"https:\/\/www.radiosanctispiritus.cu\/es\/wp-json\/wp\/v2\/comments?post=57254"}],"version-history":[{"count":1,"href":"https:\/\/www.radiosanctispiritus.cu\/es\/wp-json\/wp\/v2\/posts\/57254\/revisions"}],"predecessor-version":[{"id":57256,"href":"https:\/\/www.radiosanctispiritus.cu\/es\/wp-json\/wp\/v2\/posts\/57254\/revisions\/57256"}],"wp:featuredmedia":[{"embeddable":true,"href":"https:\/\/www.radiosanctispiritus.cu\/es\/wp-json\/wp\/v2\/media\/57255"}],"wp:attachment":[{"href":"https:\/\/www.radiosanctispiritus.cu\/es\/wp-json\/wp\/v2\/media?parent=57254"}],"wp:term":[{"taxonomy":"category","embeddable":true,"href":"https:\/\/www.radiosanctispiritus.cu\/es\/wp-json\/wp\/v2\/categories?post=57254"},{"taxonomy":"post_tag","embeddable":true,"href":"https:\/\/www.radiosanctispiritus.cu\/es\/wp-json\/wp\/v2\/tags?post=57254"},{"taxonomy":"author","embeddable":true,"href":"https:\/\/www.radiosanctispiritus.cu\/es\/wp-json\/wp\/v2\/coauthors?post=57254"}],"curies":[{"name":"wp","href":"https:\/\/api.w.org\/{rel}","templated":true}]}}