{"id":57245,"date":"2025-11-06T18:28:50","date_gmt":"2025-11-06T23:28:50","guid":{"rendered":"https:\/\/www.radiosanctispiritus.cu\/es\/?p=57245"},"modified":"2025-11-07T00:29:37","modified_gmt":"2025-11-07T05:29:37","slug":"brigada-aniversario-65-del-ejercito-central-apoyara-tareas-recuperativas-tras-danos-de-melissa","status":"publish","type":"post","link":"https:\/\/www.radiosanctispiritus.cu\/es\/brigada-aniversario-65-del-ejercito-central-apoyara-tareas-recuperativas-tras-danos-de-melissa\/","title":{"rendered":"Brigada Aniversario 65 del Ej\u00e9rcito Central apoyar\u00e1 tareas recuperativas tras da\u00f1os de Melissa"},"content":{"rendered":"<p>En un emotivo y patri\u00f3tico acto fue abanderada la Brigada de Apoyo Aniversario 65 del Ej\u00e9rcito Central de la provincia de Sancti Sp\u00edritus, con el prop\u00f3sito de contribuir a resarcir da\u00f1os ocasionados por el hurac\u00e1n Melissa en la regi\u00f3n oriental cubana.<\/p>\n<p>La ceremonia cont\u00f3 con la presencia de jefes militares, trabajadores civiles y soldados, quienes resaltaron el rol hist\u00f3rico del Ej\u00e9rcito Central y la disposici\u00f3n permanente de sus integrantes para enfrentar misiones de gran trascendencia.<\/p>\n<div id=\"attachment_57249\" style=\"width: 610px\" class=\"wp-caption aligncenter\"><img decoding=\"async\" aria-describedby=\"caption-attachment-57249\" class=\"size-medium wp-image-57249\" src=\"https:\/\/www.radiosanctispiritus.cu\/es\/wp-content\/uploads\/Brigada-EC-Yerena-600x329.jpg\" alt=\"\" width=\"600\" height=\"329\" srcset=\"https:\/\/www.radiosanctispiritus.cu\/es\/wp-content\/uploads\/Brigada-EC-Yerena-600x329.jpg 600w, https:\/\/www.radiosanctispiritus.cu\/es\/wp-content\/uploads\/Brigada-EC-Yerena-1024x562.jpg 1024w, https:\/\/www.radiosanctispiritus.cu\/es\/wp-content\/uploads\/Brigada-EC-Yerena-768x422.jpg 768w, https:\/\/www.radiosanctispiritus.cu\/es\/wp-content\/uploads\/Brigada-EC-Yerena.jpg 1080w\" sizes=\"(max-width: 600px) 100vw, 600px\" \/><p id=\"caption-attachment-57249\" class=\"wp-caption-text\">El jefe del Estado Mayor de la Regi\u00f3n Militar Sancti Sp\u00edritus primer coronel Jes\u00fas Aguiar Yerena, se dirige a los reci\u00e9n abanderados.<\/p><\/div>\n<p>El jefe del Estado Mayor de la Regi\u00f3n Militar Sancti Sp\u00edritus, primer coronel Jes\u00fas Aguiar Yerena, afirm\u00f3 que los hombres y mujeres que componen la brigada trabajar\u00e1n con disciplina y entrega en la limpieza, reparaci\u00f3n de viviendas y restablecimiento de servicios b\u00e1sicos en las zonas m\u00e1s afectadas.<\/p>\n<div id=\"attachment_57252\" style=\"width: 610px\" class=\"wp-caption aligncenter\"><img decoding=\"async\" aria-describedby=\"caption-attachment-57252\" class=\"size-medium wp-image-57252\" src=\"https:\/\/www.radiosanctispiritus.cu\/es\/wp-content\/uploads\/Brigada-EC-1-600x340.jpg\" alt=\"\" width=\"600\" height=\"340\" srcset=\"https:\/\/www.radiosanctispiritus.cu\/es\/wp-content\/uploads\/Brigada-EC-1-600x340.jpg 600w, https:\/\/www.radiosanctispiritus.cu\/es\/wp-content\/uploads\/Brigada-EC-1-1024x580.jpg 1024w, https:\/\/www.radiosanctispiritus.cu\/es\/wp-content\/uploads\/Brigada-EC-1-768x435.jpg 768w, https:\/\/www.radiosanctispiritus.cu\/es\/wp-content\/uploads\/Brigada-EC-1-290x163.jpg 290w, https:\/\/www.radiosanctispiritus.cu\/es\/wp-content\/uploads\/Brigada-EC-1.jpg 1080w\" sizes=\"(max-width: 600px) 100vw, 600px\" \/><p id=\"caption-attachment-57252\" class=\"wp-caption-text\">Brigada de apoyo aniversario 65 del Ej\u00e9rcito Central, de la provincia de Sancti Sp\u00edritus.<\/p><\/div>\n<p>Aguiar Yerena subray\u00f3 que esta brigada simboliza el esp\u00edritu solidario de las Fuerzas Armadas Revolucionarias, y expres\u00f3 confianza en que su labor contribuir\u00e1 a acelerar la recuperaci\u00f3n en las provincias del oriente cubano.<\/p>\n<div id=\"attachment_57251\" style=\"width: 610px\" class=\"wp-caption aligncenter\"><img decoding=\"async\" aria-describedby=\"caption-attachment-57251\" class=\"size-medium wp-image-57251\" src=\"https:\/\/www.radiosanctispiritus.cu\/es\/wp-content\/uploads\/Brigada-EC-camilitos-600x336.jpg\" alt=\"\" width=\"600\" height=\"336\" srcset=\"https:\/\/www.radiosanctispiritus.cu\/es\/wp-content\/uploads\/Brigada-EC-camilitos-600x336.jpg 600w, https:\/\/www.radiosanctispiritus.cu\/es\/wp-content\/uploads\/Brigada-EC-camilitos-1024x573.jpg 1024w, https:\/\/www.radiosanctispiritus.cu\/es\/wp-content\/uploads\/Brigada-EC-camilitos-768x430.jpg 768w, https:\/\/www.radiosanctispiritus.cu\/es\/wp-content\/uploads\/Brigada-EC-camilitos-605x340.jpg 605w, https:\/\/www.radiosanctispiritus.cu\/es\/wp-content\/uploads\/Brigada-EC-camilitos-290x163.jpg 290w, https:\/\/www.radiosanctispiritus.cu\/es\/wp-content\/uploads\/Brigada-EC-camilitos-460x259.jpg 460w, https:\/\/www.radiosanctispiritus.cu\/es\/wp-content\/uploads\/Brigada-EC-camilitos.jpg 1080w\" sizes=\"(max-width: 600px) 100vw, 600px\" \/><p id=\"caption-attachment-57251\" class=\"wp-caption-text\">Donativo de estudiantes de la Escuela Militar Camilo Cienfuegos de Sancti Sp\u00edritus.<\/p><\/div>\n<p>Con el compromiso de cumplir la misi\u00f3n en el menor tiempo posible, la Brigada de Apoyo Aniversario 65 del Ej\u00e9rcito Central lleva un donativo de estudiantes de la Escuela Militar Camilo Cienfuegos de la provincia de Sancti Sp\u00edritus, adem\u00e1s de un mensaje de unidad desde la tierra del Mayor General Seraf\u00edn S\u00e1nchez Valdivia hacia las hermanas provincias orientales.<\/p>\n<p><iframe src=\"https:\/\/www.ivoox.com\/player_ej_162023262_6_1.html?c1=7a0d0b\" width=\"100%\" height=\"200\" frameborder=\"0\" scrolling=\"no\" allowfullscreen=\"allowfullscreen\"><\/iframe><\/p>\n","protected":false},"excerpt":{"rendered":"<p>En un emotivo y patri\u00f3tico acto fue abanderada la Brigada de Apoyo Aniversario 65 del Ej\u00e9rcito Central de la provincia de Sancti Sp\u00edritus, con el prop\u00f3sito de contribuir a resarcir da\u00f1os ocasionados por el hurac\u00e1n Melissa en la regi\u00f3n oriental cubana.<\/p>\n","protected":false},"author":18,"featured_media":57246,"comment_status":"open","ping_status":"open","sticky":false,"template":"","format":"standard","meta":{"_acf_changed":false,"footnotes":""},"categories":[8,9,1],"tags":[1138,268,378,368,2089,195],"coauthors":[1874],"class_list":["post-57245","post","type-post","status-publish","format-standard","has-post-thumbnail","hentry","category-noticia","category-en-audio","category-sancti-spiritus","tag-ejercito-central","tag-far","tag-fuerzas-armadas-revolucionarias","tag-huracan","tag-melissa","tag-recuperacion"],"acf":[],"_links":{"self":[{"href":"https:\/\/www.radiosanctispiritus.cu\/es\/wp-json\/wp\/v2\/posts\/57245","targetHints":{"allow":["GET"]}}],"collection":[{"href":"https:\/\/www.radiosanctispiritus.cu\/es\/wp-json\/wp\/v2\/posts"}],"about":[{"href":"https:\/\/www.radiosanctispiritus.cu\/es\/wp-json\/wp\/v2\/types\/post"}],"author":[{"embeddable":true,"href":"https:\/\/www.radiosanctispiritus.cu\/es\/wp-json\/wp\/v2\/users\/18"}],"replies":[{"embeddable":true,"href":"https:\/\/www.radiosanctispiritus.cu\/es\/wp-json\/wp\/v2\/comments?post=57245"}],"version-history":[{"count":5,"href":"https:\/\/www.radiosanctispiritus.cu\/es\/wp-json\/wp\/v2\/posts\/57245\/revisions"}],"predecessor-version":[{"id":57271,"href":"https:\/\/www.radiosanctispiritus.cu\/es\/wp-json\/wp\/v2\/posts\/57245\/revisions\/57271"}],"wp:featuredmedia":[{"embeddable":true,"href":"https:\/\/www.radiosanctispiritus.cu\/es\/wp-json\/wp\/v2\/media\/57246"}],"wp:attachment":[{"href":"https:\/\/www.radiosanctispiritus.cu\/es\/wp-json\/wp\/v2\/media?parent=57245"}],"wp:term":[{"taxonomy":"category","embeddable":true,"href":"https:\/\/www.radiosanctispiritus.cu\/es\/wp-json\/wp\/v2\/categories?post=57245"},{"taxonomy":"post_tag","embeddable":true,"href":"https:\/\/www.radiosanctispiritus.cu\/es\/wp-json\/wp\/v2\/tags?post=57245"},{"taxonomy":"author","embeddable":true,"href":"https:\/\/www.radiosanctispiritus.cu\/es\/wp-json\/wp\/v2\/coauthors?post=57245"}],"curies":[{"name":"wp","href":"https:\/\/api.w.org\/{rel}","templated":true}]}}