{"id":57187,"date":"2025-11-06T02:28:43","date_gmt":"2025-11-06T07:28:43","guid":{"rendered":"https:\/\/www.radiosanctispiritus.cu\/es\/?p=57187"},"modified":"2025-11-06T02:28:43","modified_gmt":"2025-11-06T07:28:43","slug":"desmienten-venta-de-aceite-donado-para-damnificados","status":"publish","type":"post","link":"https:\/\/www.radiosanctispiritus.cu\/es\/desmienten-venta-de-aceite-donado-para-damnificados\/","title":{"rendered":"Desmienten venta de aceite donado para damnificados"},"content":{"rendered":"<p>El Ministerio del Comercio Interior (Mincin) inform\u00f3 este mi\u00e9rcoles que es falsa la noticia que circula en las redes sociales sobre la venta del aceite donado por el Programa Mundial de Alimentos (PMA).<\/p>\n<p>Hasta este momento solo se ha liberado este producto para centros de protecci\u00f3n social, y el aceite entregado en las bodegas ha sido destinado a personas en situaci\u00f3n de vulnerabilidad, como parte del plan de acci\u00f3n del PMA, se\u00f1ala una nota del Mincin.<\/p>\n<p>Todas las donaciones realizadas por pa\u00edses hermanos y organismos internacionales se entregan de forma gratuita a la poblaci\u00f3n, por lo cual se exhorta a la poblaci\u00f3n a mantenerse informada mediante los canales oficiales, subraya la breve informaci\u00f3n.<\/p>\n<p>Este mi\u00e9rcoles en su cuenta en la red social X el Canciller cubano Bruno Rodr\u00edguez reconoci\u00f3 a todos los gobiernos, agencias, oficinas y programas de Naciones Unidas que han tendido la ayuda.<\/p>\n<p>Tambi\u00e9n agradeci\u00f3 a organizaciones no gubernamentales; movimientos de solidaridad y cubanos residentes en el exterior, que han enviado o preparan para enviar m\u00faltiples donaciones para los damnificados en el oriente de Cuba, tras el paso del hurac\u00e1n Melissa.<\/p>\n<p>Apreciamos su solidaridad y profundo humanismo en este dif\u00edcil momento que enfrenta parte de nuestro pueblo, escribi\u00f3 el ministro de Relaciones Exteriores.<\/p>\n","protected":false},"excerpt":{"rendered":"<p>El Ministerio del Comercio Interior (Mincin) inform\u00f3 este mi\u00e9rcoles que es falsa la noticia que circula en las redes sociales sobre la venta del aceite donado por el Programa Mundial de Alimentos (PMA).<\/p>\n","protected":false},"author":3,"featured_media":57188,"comment_status":"open","ping_status":"open","sticky":false,"template":"","format":"standard","meta":{"_acf_changed":false,"footnotes":""},"categories":[8,3,16],"tags":[189,1011,464,893],"coauthors":[1905],"class_list":["post-57187","post","type-post","status-publish","format-standard","has-post-thumbnail","hentry","category-noticia","category-cuba","category-economia","tag-comercio-interior","tag-cuba-pma","tag-fake-news","tag-mincin"],"acf":[],"_links":{"self":[{"href":"https:\/\/www.radiosanctispiritus.cu\/es\/wp-json\/wp\/v2\/posts\/57187","targetHints":{"allow":["GET"]}}],"collection":[{"href":"https:\/\/www.radiosanctispiritus.cu\/es\/wp-json\/wp\/v2\/posts"}],"about":[{"href":"https:\/\/www.radiosanctispiritus.cu\/es\/wp-json\/wp\/v2\/types\/post"}],"author":[{"embeddable":true,"href":"https:\/\/www.radiosanctispiritus.cu\/es\/wp-json\/wp\/v2\/users\/3"}],"replies":[{"embeddable":true,"href":"https:\/\/www.radiosanctispiritus.cu\/es\/wp-json\/wp\/v2\/comments?post=57187"}],"version-history":[{"count":1,"href":"https:\/\/www.radiosanctispiritus.cu\/es\/wp-json\/wp\/v2\/posts\/57187\/revisions"}],"predecessor-version":[{"id":57189,"href":"https:\/\/www.radiosanctispiritus.cu\/es\/wp-json\/wp\/v2\/posts\/57187\/revisions\/57189"}],"wp:featuredmedia":[{"embeddable":true,"href":"https:\/\/www.radiosanctispiritus.cu\/es\/wp-json\/wp\/v2\/media\/57188"}],"wp:attachment":[{"href":"https:\/\/www.radiosanctispiritus.cu\/es\/wp-json\/wp\/v2\/media?parent=57187"}],"wp:term":[{"taxonomy":"category","embeddable":true,"href":"https:\/\/www.radiosanctispiritus.cu\/es\/wp-json\/wp\/v2\/categories?post=57187"},{"taxonomy":"post_tag","embeddable":true,"href":"https:\/\/www.radiosanctispiritus.cu\/es\/wp-json\/wp\/v2\/tags?post=57187"},{"taxonomy":"author","embeddable":true,"href":"https:\/\/www.radiosanctispiritus.cu\/es\/wp-json\/wp\/v2\/coauthors?post=57187"}],"curies":[{"name":"wp","href":"https:\/\/api.w.org\/{rel}","templated":true}]}}