{"id":57181,"date":"2025-11-05T23:10:48","date_gmt":"2025-11-06T04:10:48","guid":{"rendered":"https:\/\/www.radiosanctispiritus.cu\/es\/?p=57181"},"modified":"2025-11-05T23:10:48","modified_gmt":"2025-11-06T04:10:48","slug":"agradece-marrero-cruz-ayuda-de-qatar-para-afectados-por-melissa","status":"publish","type":"post","link":"https:\/\/www.radiosanctispiritus.cu\/es\/agradece-marrero-cruz-ayuda-de-qatar-para-afectados-por-melissa\/","title":{"rendered":"Agradece Marrero Cruz ayuda de Qatar para afectados por Melissa"},"content":{"rendered":"<p>Manuel Marrero Cruz, Primer Ministro de Cuba, sostuvo este mi\u00e9rcoles una reuni\u00f3n con Maryam bint Ali bin Nasser Al Misnad, ministra de Estado para la Cooperaci\u00f3n Internacional de Qatar, en la que agradeci\u00f3 la organizaci\u00f3n de una ayuda inicial compuesta por alimentos, destinada a las provincias cubanas afectadas por el hurac\u00e1n Melissa.<\/p>\n<p>Seg\u00fan inform\u00f3 el jefe de Gobierno en su cuenta oficial en la red social X, el encuentro fue calificado como \u201cmuy positivo\u201d y se enmarca en los esfuerzos de cooperaci\u00f3n bilateral para enfrentar los da\u00f1os ocasionados por el evento hidrometeorol\u00f3gico en la regi\u00f3n oriental del pa\u00eds.<\/p>\n<p>Marrero Cruz, tambi\u00e9n miembro del Bur\u00f3 Pol\u00edtico del Comit\u00e9 Central del Partido Comunista de Cuba, participa en la II Cumbre Mundial sobre Desarrollo Social, donde se adopt\u00f3 la Declaraci\u00f3n Pol\u00edtica de Doha.<\/p>\n<p>La cita re\u00fane a m\u00e1s de 14 mil participantes, incluyendo 40 Jefes de Estado y de Gobierno.<\/p>\n","protected":false},"excerpt":{"rendered":"<p>Manuel Marrero Cruz, Primer Ministro de Cuba, sostuvo este mi\u00e9rcoles una reuni\u00f3n con Maryam bint Ali bin Nasser Al Misnad, ministra de Estado para la Cooperaci\u00f3n Internacional de Qatar.<\/p>\n","protected":false},"author":123,"featured_media":57182,"comment_status":"open","ping_status":"open","sticky":false,"template":"","format":"standard","meta":{"_acf_changed":false,"footnotes":""},"categories":[4,3,8],"tags":[1042,56,55],"coauthors":[1895],"class_list":["post-57181","post","type-post","status-publish","format-standard","has-post-thumbnail","hentry","category-internacionales","category-cuba","category-noticia","tag-cuba-qatar","tag-manuel-marrero","tag-primer-ministro-de-cuba"],"acf":[],"_links":{"self":[{"href":"https:\/\/www.radiosanctispiritus.cu\/es\/wp-json\/wp\/v2\/posts\/57181","targetHints":{"allow":["GET"]}}],"collection":[{"href":"https:\/\/www.radiosanctispiritus.cu\/es\/wp-json\/wp\/v2\/posts"}],"about":[{"href":"https:\/\/www.radiosanctispiritus.cu\/es\/wp-json\/wp\/v2\/types\/post"}],"author":[{"embeddable":true,"href":"https:\/\/www.radiosanctispiritus.cu\/es\/wp-json\/wp\/v2\/users\/123"}],"replies":[{"embeddable":true,"href":"https:\/\/www.radiosanctispiritus.cu\/es\/wp-json\/wp\/v2\/comments?post=57181"}],"version-history":[{"count":1,"href":"https:\/\/www.radiosanctispiritus.cu\/es\/wp-json\/wp\/v2\/posts\/57181\/revisions"}],"predecessor-version":[{"id":57183,"href":"https:\/\/www.radiosanctispiritus.cu\/es\/wp-json\/wp\/v2\/posts\/57181\/revisions\/57183"}],"wp:featuredmedia":[{"embeddable":true,"href":"https:\/\/www.radiosanctispiritus.cu\/es\/wp-json\/wp\/v2\/media\/57182"}],"wp:attachment":[{"href":"https:\/\/www.radiosanctispiritus.cu\/es\/wp-json\/wp\/v2\/media?parent=57181"}],"wp:term":[{"taxonomy":"category","embeddable":true,"href":"https:\/\/www.radiosanctispiritus.cu\/es\/wp-json\/wp\/v2\/categories?post=57181"},{"taxonomy":"post_tag","embeddable":true,"href":"https:\/\/www.radiosanctispiritus.cu\/es\/wp-json\/wp\/v2\/tags?post=57181"},{"taxonomy":"author","embeddable":true,"href":"https:\/\/www.radiosanctispiritus.cu\/es\/wp-json\/wp\/v2\/coauthors?post=57181"}],"curies":[{"name":"wp","href":"https:\/\/api.w.org\/{rel}","templated":true}]}}