{"id":57137,"date":"2025-11-05T08:43:53","date_gmt":"2025-11-05T13:43:53","guid":{"rendered":"https:\/\/www.radiosanctispiritus.cu\/es\/?p=57137"},"modified":"2025-11-05T08:45:53","modified_gmt":"2025-11-05T13:45:53","slug":"noviembre-cuando-comienza-el-periodo-poco-lluvioso-en-cuba","status":"publish","type":"post","link":"https:\/\/www.radiosanctispiritus.cu\/es\/noviembre-cuando-comienza-el-periodo-poco-lluvioso-en-cuba\/","title":{"rendered":"Noviembre, cuando comienza el per\u00edodo poco lluvioso en Cuba"},"content":{"rendered":"<p>En el onceno mes del a\u00f1o comienza por lo general el per\u00edodo poco lluvioso en Cuba hasta abril pr\u00f3ximo, cuando se registra aproximadamente el 26 % de su acumulado anual, informaron especialistas del Centro del Clima, del Instituto de Meteorolog\u00eda.<\/p>\n<p>Una particularidad en la distribuci\u00f3n de sus precipitaciones es su aumento hacia las zonas cercanas a la costa norte, en relaci\u00f3n con el resto del territorio, asociada al tr\u00e1nsito de frentes fr\u00edos sobre o muy pr\u00f3ximo a este \u00faltimo, se\u00f1alan en su habitual Bolet\u00edn mensual que recibe siempre la Agencia Cubana de Noticias.<\/p>\n<p>Aclaran que la influencia de las masas de aire fr\u00edo de origen \u00e1rtico o polar que acompa\u00f1an a los sistemas frontales del invierno, provoca un descenso notable de las temperaturas y del contenido de humedad del aire.<\/p>\n<p>No obstante, advierten, pueden producirse temperaturas m\u00ednimas notables si el impacto de estas masas de aire se combina con la ocurrencia local de cielo despejado, vientos d\u00e9biles o calma, y su persistencia por varios d\u00edas.<\/p>\n<p>Respecto a las condiciones en el Oc\u00e9ano Pac\u00edfico Tropical, indican que se mantienen las condiciones neutrales en el ecuatorial, donde las temperaturas superficiales del mar estuvieron ligeramente por debajo de sus valores normales en sus regiones central y oriental.<\/p>\n<p>Citan los pron\u00f3sticos sobre el particular, seg\u00fan los cuales, con 78% de probabilidad, continuar\u00e1n las condiciones fr\u00edas en el trimestre noviembre 25 \u2013 enero 2026 en el ecuatorial y el tr\u00e1nsito a neutrales en la etapa enero- abril entrante.<\/p>\n<p>Sobre la base de su evoluci\u00f3n, se espera un per\u00edodo con precipitaciones y temperaturas extremas en la norma en las tres regiones del pa\u00eds, estiman.<\/p>\n<p><em><strong>Tomado de <a href=\"https:\/\/www.acn.cu\/medio-ambiente\/noviembre-cuando-comienza-el-periodo-poco-lluvioso-en-cuba\" target=\"_blank\" rel=\"noopener noreferrer nofollow\">ACN<\/a><\/strong><\/em><\/p>\n","protected":false},"excerpt":{"rendered":"<p>En el onceno mes del a\u00f1o comienza por lo general el per\u00edodo poco lluvioso en Cuba hasta abril pr\u00f3ximo, cuando se registra aproximadamente el 26 % de su acumulado anual, informaron especialistas del Centro del Clima, del Instituto de Meteorolog\u00eda.<\/p>\n","protected":false},"author":4,"featured_media":12463,"comment_status":"open","ping_status":"open","sticky":false,"template":"","format":"standard","meta":{"_acf_changed":false,"footnotes":""},"categories":[8,3],"tags":[460,112],"coauthors":[1883],"class_list":["post-57137","post","type-post","status-publish","format-standard","has-post-thumbnail","hentry","category-noticia","category-cuba","tag-acueducto","tag-meteorologia"],"acf":[],"_links":{"self":[{"href":"https:\/\/www.radiosanctispiritus.cu\/es\/wp-json\/wp\/v2\/posts\/57137","targetHints":{"allow":["GET"]}}],"collection":[{"href":"https:\/\/www.radiosanctispiritus.cu\/es\/wp-json\/wp\/v2\/posts"}],"about":[{"href":"https:\/\/www.radiosanctispiritus.cu\/es\/wp-json\/wp\/v2\/types\/post"}],"author":[{"embeddable":true,"href":"https:\/\/www.radiosanctispiritus.cu\/es\/wp-json\/wp\/v2\/users\/4"}],"replies":[{"embeddable":true,"href":"https:\/\/www.radiosanctispiritus.cu\/es\/wp-json\/wp\/v2\/comments?post=57137"}],"version-history":[{"count":2,"href":"https:\/\/www.radiosanctispiritus.cu\/es\/wp-json\/wp\/v2\/posts\/57137\/revisions"}],"predecessor-version":[{"id":57139,"href":"https:\/\/www.radiosanctispiritus.cu\/es\/wp-json\/wp\/v2\/posts\/57137\/revisions\/57139"}],"wp:featuredmedia":[{"embeddable":true,"href":"https:\/\/www.radiosanctispiritus.cu\/es\/wp-json\/wp\/v2\/media\/12463"}],"wp:attachment":[{"href":"https:\/\/www.radiosanctispiritus.cu\/es\/wp-json\/wp\/v2\/media?parent=57137"}],"wp:term":[{"taxonomy":"category","embeddable":true,"href":"https:\/\/www.radiosanctispiritus.cu\/es\/wp-json\/wp\/v2\/categories?post=57137"},{"taxonomy":"post_tag","embeddable":true,"href":"https:\/\/www.radiosanctispiritus.cu\/es\/wp-json\/wp\/v2\/tags?post=57137"},{"taxonomy":"author","embeddable":true,"href":"https:\/\/www.radiosanctispiritus.cu\/es\/wp-json\/wp\/v2\/coauthors?post=57137"}],"curies":[{"name":"wp","href":"https:\/\/api.w.org\/{rel}","templated":true}]}}