{"id":57134,"date":"2025-11-05T07:02:28","date_gmt":"2025-11-05T12:02:28","guid":{"rendered":"https:\/\/www.radiosanctispiritus.cu\/es\/?p=57134"},"modified":"2025-11-05T08:02:36","modified_gmt":"2025-11-05T13:02:36","slug":"escribania-dollz-reabre-sus-puertas-a-la-vida-sociocultural-espirituana","status":"publish","type":"post","link":"https:\/\/www.radiosanctispiritus.cu\/es\/escribania-dollz-reabre-sus-puertas-a-la-vida-sociocultural-espirituana\/","title":{"rendered":"Escriban\u00eda Dollz reabre sus puertas a la vida sociocultural espirituana"},"content":{"rendered":"<p>Tras un per\u00edodo de inactividad, el Centro Sociocultural Escriban\u00eda Dollz vuelve a ser epicentro del quehacer art\u00edstico y comunitario en la ciudad del Yayabo. Ubicado en la c\u00e9ntrica calle Maceo, el hist\u00f3rico inmueble retoma sus actividades presenciales bajo la direcci\u00f3n del artista visual Omar Julio Fern\u00e1ndez Gal\u00ed \u2014conocido como Cuti\u2014, quien asume con entusiasmo la gesti\u00f3n de este importante espacio cultural. <\/p>\n<p>Aunque durante el par\u00e9ntesis se mantuvieron algunas iniciativas en formato virtual, ahora la \u201ccasona\u201d recupera su dinamismo con una agenda renovada. En su galer\u00eda ya se exhibe una exposici\u00f3n personal de Cuti, complementada con obras de otros creadores, y se proyectan actividades diversas: lecturas literarias \u2014como la reciente en colaboraci\u00f3n con la Asociaci\u00f3n Hermanos Sa\u00edz y escritores locales\u2014, conciertos, talleres para ni\u00f1os y propuestas formativas para estudiantes interesados en las artes visuales. <\/p>\n<p>\u201cPensamos tener una pe\u00f1a fija, hacer talleres con ni\u00f1os y seguir trabajando con aquellos que quieren coger la academia\u201d, adelant\u00f3 Fern\u00e1ndez Gal\u00ed, quien tambi\u00e9n anunci\u00f3 la incorporaci\u00f3n del artista Alfaro al equipo de trabajo para enriquecer la programaci\u00f3n. <\/p>\n<p>Uno de los desaf\u00edos m\u00e1s visibles es la recuperaci\u00f3n del ic\u00f3nico mural que adorna la fachada del centro, hoy afectado por el paso del tiempo. Cuti, en su rol de presidente del Consejo Asesor para el Desarrollo de la Escultura Monumentaria y Ambiental (Codema), reconoci\u00f3 el deterioro de esta y otras obras murales a lo largo de la ladera del r\u00edo Yayabo. \u201cEstamos trabajando en un proyecto para rescatar los murales, pero necesitamos materiales\u201d, expres\u00f3, al tiempo que lament\u00f3 que Sancti Sp\u00edritus, antes conocida como \u201cla Ciudad de los Murales\u201d, haya perdido protagonismo en ese \u00e1mbito frente a otras provincias. <\/p>\n<p>Con renovado impulso y una visi\u00f3n inclusiva, Escriban\u00eda Dolz se reafirma como espacio vivo de encuentro, creaci\u00f3n y formaci\u00f3n art\u00edstica en el coraz\u00f3n de la provincia.<\/p>\n<p><iframe src=\"https:\/\/www.ivoox.com\/player_ej_161864651_6_1.html?c1=7a0d0b\" width=\"100%\" height=\"200\" frameborder=\"0\" allowfullscreen=\"\" scrolling=\"no\" loading=\"lazy\"><\/iframe><\/p>\n","protected":false},"excerpt":{"rendered":"<p>Tras un per\u00edodo de inactividad, el Centro Sociocultural Escriban\u00eda Dolz vuelve a ser epicentro del quehacer art\u00edstico y comunitario en la ciudad del Yayabo<\/p>\n","protected":false},"author":12,"featured_media":57135,"comment_status":"open","ping_status":"open","sticky":false,"template":"","format":"standard","meta":{"_acf_changed":false,"footnotes":""},"categories":[8,6,9,1],"tags":[360,1700],"coauthors":[1864],"class_list":["post-57134","post","type-post","status-publish","format-standard","has-post-thumbnail","hentry","category-noticia","category-cultura","category-en-audio","category-sancti-spiritus","tag-cultura-espirituana","tag-murales"],"acf":[],"_links":{"self":[{"href":"https:\/\/www.radiosanctispiritus.cu\/es\/wp-json\/wp\/v2\/posts\/57134","targetHints":{"allow":["GET"]}}],"collection":[{"href":"https:\/\/www.radiosanctispiritus.cu\/es\/wp-json\/wp\/v2\/posts"}],"about":[{"href":"https:\/\/www.radiosanctispiritus.cu\/es\/wp-json\/wp\/v2\/types\/post"}],"author":[{"embeddable":true,"href":"https:\/\/www.radiosanctispiritus.cu\/es\/wp-json\/wp\/v2\/users\/12"}],"replies":[{"embeddable":true,"href":"https:\/\/www.radiosanctispiritus.cu\/es\/wp-json\/wp\/v2\/comments?post=57134"}],"version-history":[{"count":1,"href":"https:\/\/www.radiosanctispiritus.cu\/es\/wp-json\/wp\/v2\/posts\/57134\/revisions"}],"predecessor-version":[{"id":57136,"href":"https:\/\/www.radiosanctispiritus.cu\/es\/wp-json\/wp\/v2\/posts\/57134\/revisions\/57136"}],"wp:featuredmedia":[{"embeddable":true,"href":"https:\/\/www.radiosanctispiritus.cu\/es\/wp-json\/wp\/v2\/media\/57135"}],"wp:attachment":[{"href":"https:\/\/www.radiosanctispiritus.cu\/es\/wp-json\/wp\/v2\/media?parent=57134"}],"wp:term":[{"taxonomy":"category","embeddable":true,"href":"https:\/\/www.radiosanctispiritus.cu\/es\/wp-json\/wp\/v2\/categories?post=57134"},{"taxonomy":"post_tag","embeddable":true,"href":"https:\/\/www.radiosanctispiritus.cu\/es\/wp-json\/wp\/v2\/tags?post=57134"},{"taxonomy":"author","embeddable":true,"href":"https:\/\/www.radiosanctispiritus.cu\/es\/wp-json\/wp\/v2\/coauthors?post=57134"}],"curies":[{"name":"wp","href":"https:\/\/api.w.org\/{rel}","templated":true}]}}