{"id":57121,"date":"2025-11-04T23:36:33","date_gmt":"2025-11-05T04:36:33","guid":{"rendered":"https:\/\/www.radiosanctispiritus.cu\/es\/?p=57121"},"modified":"2025-11-04T23:36:33","modified_gmt":"2025-11-05T04:36:33","slug":"reafirma-cuba-compromiso-con-la-unidad-latinoamericana-y-caribena","status":"publish","type":"post","link":"https:\/\/www.radiosanctispiritus.cu\/es\/reafirma-cuba-compromiso-con-la-unidad-latinoamericana-y-caribena\/","title":{"rendered":"Reafirma Cuba compromiso con la unidad latinoamericana y caribe\u00f1a"},"content":{"rendered":"<p>Miguel D\u00edaz-Canel Berm\u00fadez, Primer Secretario del Comit\u00e9 Central del Partido Comunista de Cuba y Presidente de la Rep\u00fablica, reafirm\u00f3 este martes el compromiso de Cuba con la unidad latinoamericana y caribe\u00f1a al conmemorar el vig\u00e9simo aniversario de la derrota del \u00c1rea de Libre Comercio de las Am\u00e9ricas (ALCA), en un discurso donde rindi\u00f3 homenaje a los l\u00edderes hist\u00f3ricos Fidel Castro y Hugo Ch\u00e1vez.<\/p>\n<p>En un emotivo llamado a la integraci\u00f3n regional, el mandatario cubano record\u00f3 que el 4 de noviembre de 2005 se inscribi\u00f3 en la historia del continente con un grito de independencia y rebeld\u00eda.<\/p>\n<p>A continuaci\u00f3n, transmitimos el texto \u00edntegro del discurso del Jefe de Estado cubano publicado en el sitio de la Presidencia.<\/p>\n<p>Queridos amigos y hermanos de lucha:<\/p>\n<p>Hoy nos convoca la conmemoraci\u00f3n de una derrota: la derrota del plan imperial para engullirse, de un solo bocado, a los pueblos del Bravo a la Patagonia.<\/p>\n<p>Hoy celebramos una haza\u00f1a de la unidad, un triunfo de Nuestra Am\u00e9rica, que hace veinte a\u00f1os dijo No al proyecto neoliberal de integraci\u00f3n; No al saqueo de recursos; No a la privatizaci\u00f3n de servicios esenciales; No al aumento de la pobreza y la desigualdad en el continente.<\/p>\n<p>El 4 de noviembre de 2005 se inscribi\u00f3 en la historia del continente con un grito de independencia y rebeld\u00eda. Ese d\u00eda Latinoam\u00e9rica grit\u00f3 con una sola voz: \u00a1No al ALCA!<\/p>\n<p>Han pasado desde entonces veinte a\u00f1os, desde aquel entierro en Mar del Plata, donde los pueblos de Am\u00e9rica sepultaron un plan imperialista disfrazado de integraci\u00f3n que pretend\u00eda someter nuestras econom\u00edas, nuestras culturas y nuestras vidas al gran capital transnacional.<\/p>\n<p>No se trataba de libre comercio, sino de libre explotaci\u00f3n. No se trataba de la integraci\u00f3n, sino de absoluta subordinaci\u00f3n.<\/p>\n<p>Lo confirma el derrotero de los peque\u00f1os ALCA que se firmaron, el trato prepotente, despectivo, como de amo a siervo, que les ha dispensado el imperio a las naciones, cuyos gobiernos de entonces firmaron acuerdos que son letra muerta cuando el emperador de turno decide imponer medidas coercitivas y elevados aranceles.<\/p>\n<p>En el recuento de estas horas, veinte a\u00f1os despu\u00e9s, resulta inevitable evocar las acciones de dos grandes de la historia latinoamericana y mundial, quienes se opusieron a esta iniciativa desde sus or\u00edgenes. Dos l\u00edderes, cuyo legado digno y unitario nos acompa\u00f1a y acompa\u00f1ar\u00e1 por siempre: los comandantes Fidel Castro Ruz y Hugo Ch\u00e1vez Fr\u00edas.<\/p>\n<p>Fidel, con su profunda visi\u00f3n revolucionaria y antimperialista, critic\u00f3 p\u00fablicamente al capitalismo transnacional globalizado, desafiando lo que parec\u00eda ser el \u201csentido com\u00fan de la \u00e9poca\u201d.<\/p>\n<p>Los eventos de Globalizaci\u00f3n y Problemas del Desarrollo y los Encuentros Hemisf\u00e9ricos de Lucha contra el \u00c1rea de Libre Comercio de las Am\u00e9ricas (ALCA), creados por \u00e9l; la Campa\u00f1a Continental de Lucha contra el ALCA, y sus discursos e intervenciones de aquellos a\u00f1os, fueron s\u00f3lidos pilares para el desmontaje del proyecto imperialista.<\/p>\n<p>Y junto a \u00e9l, Ch\u00e1vez, quien present\u00f3 la Alternativa Bolivariana para las Am\u00e9ricas (ALBA) como contraposici\u00f3n al ALCA. Una integraci\u00f3n basada en la cooperaci\u00f3n, no en la competencia; en la hermandad, no en el lucro. Esos gigantes nos marcaron el camino. Nos ense\u00f1aron que la integraci\u00f3n no es una quimera, sino una necesidad hist\u00f3rica que no se puede construir sobre las ruinas de nuestra soberan\u00eda.<\/p>\n<p>Los principios no son negociables, y la dignidad y el valor de los pueblos pueden m\u00e1s que todas las armas del imperio m\u00e1s poderoso de la historia.<\/p>\n<p>En ese camino se han experimentado avances y tambi\u00e9n retrocesos que por momentos parecen dolorosamente definitivos, pero la lucha contin\u00faa. La hist\u00f3rica victoria que hoy celebramos es acicate fundamental ante los enormes desaf\u00edos que nos toca enfrentar hoy, con la unidad como escudo y baluarte.<\/p>\n<p>La persistente amenaza de una intervenci\u00f3n militar en Venezuela es cada vez m\u00e1s alarmante. El genocidio y la limpieza \u00e9tnica en la Franja de Gaza y los intentos de anexi\u00f3n de Cisjordania persisten, a pesar de los acuerdos. Y el bloqueo de los Estados Unidos contra Cuba se recrudece en las palabras y en los hechos, incluso en medio de la devastaci\u00f3n que ahora mismo enfrentamos en el oriente del pa\u00eds como consecuencia del paso de un gran hurac\u00e1n.<\/p>\n<p>Hoy sigue siendo el momento de la unidad y ese momento es imprescindible e impostergable. Y sigue siendo pertinente aquella sacudida a la conciencia continental del l\u00edder hist\u00f3rico de la Revoluci\u00f3n Cubana, y cito: \u201c\u00bfHasta cu\u00e1ndo vamos a permanecer en el letargo? \u00bfHasta cu\u00e1ndo vamos a ser piezas indefensas de un continente a quien su libertador lo concibi\u00f3 como m\u00e1s digno, m\u00e1s grande? [\u2026] \u00bfHasta cu\u00e1ndo vamos a permanecer divididos? \u00bfHasta cu\u00e1ndo vamos a ser v\u00edctimas de intereses poderosos que se ensa\u00f1an con cada uno de nuestros pueblos? \u00bfCu\u00e1ndo vamos a lanzar la gran consigna de uni\u00f3n? Se lanza la consigna de unidad dentro de las naciones, \u00bfpor qu\u00e9 no se lanza tambi\u00e9n la consigna de unidad de las naciones?\u201d<\/p>\n<p>Luchemos por una Am\u00e9rica Latina y Caribe real y definitivamente libres del yugo imperialista. Luchemos por sociedades equitativas y dignas donde los derechos fundamentales no sean privilegios de unos pocos, sino beneficios para todos. Luchemos sin cansarnos por la bolivariana Patria Grande, libre y soberana, que fue sue\u00f1o y empe\u00f1o de nuestros pr\u00f3ceres.<\/p>\n<p>Digamos otra vez: \u00a1No al ALCA! \u00a1S\u00ed a la integraci\u00f3n latinoamericana y caribe\u00f1a!<\/p>\n<p>\u00a1Vivan Fidel y Ch\u00e1vez!<\/p>\n<p>\u00a1Un mundo mejor es posible, necesario y urgente!<\/p>\n<p>\u00a1Hasta la victoria siempre, compa\u00f1eros!<\/p>\n","protected":false},"excerpt":{"rendered":"<p>Miguel D\u00edaz-Canel Berm\u00fadez, Primer Secretario del Comit\u00e9 Central del Partido Comunista de Cuba y Presidente de la Rep\u00fablica, reafirm\u00f3 este martes el compromiso de Cuba con la unidad latinoamericana y caribe\u00f1a al conmemorar el vig\u00e9simo aniversario de la derrota del \u00c1rea de Libre Comercio de las Am\u00e9ricas (ALCA), en un discurso donde rindi\u00f3 homenaje a los l\u00edderes hist\u00f3ricos Fidel Castro y Hugo Ch\u00e1vez.<\/p>\n","protected":false},"author":123,"featured_media":57122,"comment_status":"open","ping_status":"open","sticky":false,"template":"","format":"standard","meta":{"_acf_changed":false,"footnotes":""},"categories":[8,3],"tags":[1008,1492,28],"coauthors":[1895],"class_list":["post-57121","post","type-post","status-publish","format-standard","has-post-thumbnail","hentry","category-noticia","category-cuba","tag-integracion","tag-integracion-latinoamericana-y-caribena","tag-miguel-diaz-canel"],"acf":[],"_links":{"self":[{"href":"https:\/\/www.radiosanctispiritus.cu\/es\/wp-json\/wp\/v2\/posts\/57121","targetHints":{"allow":["GET"]}}],"collection":[{"href":"https:\/\/www.radiosanctispiritus.cu\/es\/wp-json\/wp\/v2\/posts"}],"about":[{"href":"https:\/\/www.radiosanctispiritus.cu\/es\/wp-json\/wp\/v2\/types\/post"}],"author":[{"embeddable":true,"href":"https:\/\/www.radiosanctispiritus.cu\/es\/wp-json\/wp\/v2\/users\/123"}],"replies":[{"embeddable":true,"href":"https:\/\/www.radiosanctispiritus.cu\/es\/wp-json\/wp\/v2\/comments?post=57121"}],"version-history":[{"count":1,"href":"https:\/\/www.radiosanctispiritus.cu\/es\/wp-json\/wp\/v2\/posts\/57121\/revisions"}],"predecessor-version":[{"id":57123,"href":"https:\/\/www.radiosanctispiritus.cu\/es\/wp-json\/wp\/v2\/posts\/57121\/revisions\/57123"}],"wp:featuredmedia":[{"embeddable":true,"href":"https:\/\/www.radiosanctispiritus.cu\/es\/wp-json\/wp\/v2\/media\/57122"}],"wp:attachment":[{"href":"https:\/\/www.radiosanctispiritus.cu\/es\/wp-json\/wp\/v2\/media?parent=57121"}],"wp:term":[{"taxonomy":"category","embeddable":true,"href":"https:\/\/www.radiosanctispiritus.cu\/es\/wp-json\/wp\/v2\/categories?post=57121"},{"taxonomy":"post_tag","embeddable":true,"href":"https:\/\/www.radiosanctispiritus.cu\/es\/wp-json\/wp\/v2\/tags?post=57121"},{"taxonomy":"author","embeddable":true,"href":"https:\/\/www.radiosanctispiritus.cu\/es\/wp-json\/wp\/v2\/coauthors?post=57121"}],"curies":[{"name":"wp","href":"https:\/\/api.w.org\/{rel}","templated":true}]}}