{"id":57119,"date":"2025-11-04T23:21:38","date_gmt":"2025-11-05T04:21:38","guid":{"rendered":"https:\/\/www.radiosanctispiritus.cu\/es\/?p=57119"},"modified":"2025-11-04T23:21:38","modified_gmt":"2025-11-05T04:21:38","slug":"restablece-omnibus-nacionales-rutas-interprovinciales","status":"publish","type":"post","link":"https:\/\/www.radiosanctispiritus.cu\/es\/restablece-omnibus-nacionales-rutas-interprovinciales\/","title":{"rendered":"Restablece \u00d3mnibus Nacionales rutas interprovinciales"},"content":{"rendered":"<p>En medio del proceso de recuperaci\u00f3n tras el paso del hurac\u00e1n Melissa, la empresa \u00d3mnibus Nacionales anunci\u00f3 este martes la reanudaci\u00f3n progresiva de sus servicios interprovinciales, con ajustes en los recorridos para garantizar la conectividad entre territorios y sortear las zonas a\u00fan comprometidas por las afectaciones meteorol\u00f3gicas.<\/p>\n<p>Desde de las 23:50 horas de este martes 4 de noviembre se restablecieron las frecuencias habituales desde Santiago de Cuba, Guant\u00e1namo, Granma y Baracoa, con rutas adaptadas que priorizan la seguridad vial y la continuidad del transporte p\u00fablico, inform\u00f3 a la Agencia Cubana de Noticias Yumara Lahitt Big\u00f1otte Silva, directora de la Unidad Empresarial de Base Viajeros en Santiago de Cuba.<\/p>\n<p>Desde Guant\u00e1namo, los \u00f3mnibus hacia La Habana transitar\u00e1n por la autopista Santiago, la Carretera Central hasta Bayamo, y luego por Holgu\u00edn y Las Tunas, dijo, mientras que en sentido inverso, el trayecto oficial se mantendr\u00e1 hasta Las Tunas, retomando el desv\u00edo por Holgu\u00edn y Bayamo.<\/p>\n<p>La ruta Guant\u00e1namo\u2013Baracoa\u2013Guant\u00e1namo, conserva su recorrido habitual, en tanto en Granma, todas las salidas se realizar\u00e1n desde la cabecera provincial, Bayamo, precis\u00f3.<\/p>\n<p>Big\u00f1otte Silva refiri\u00f3 que Santiago de Cuba restablece sus servicios hacia m\u00faltiples destinos nacionales, entre ellos La Habana, Matanzas, Cienfuegos, Las Tunas, San Jos\u00e9, Santa Clara, Artemisa, Sancti Sp\u00edritus, Camag\u00fcey y Ciego de \u00c1vila; las rutas hacia Guant\u00e1namo, Baracoa, Bayamo y Holgu\u00edn se mantienen sin modificaciones.<\/p>\n<p>Sin embargo, se\u00f1al\u00f3, permanecen suspendidas temporalmente las rutas Santiago\u2013Moa, Santiago\u2013Pil\u00f3n y Santiago\u2013Manzanillo, hasta que se garantice plenamente la seguridad en los tramos afectados.<\/p>\n<p>En el caso de Baracoa, los viajes hacia La Habana se reanudar\u00e1n a partir del 9 de noviembre a las 23:50 horas, siguiendo el mismo esquema de desv\u00edo por autopista Santiago, Carretera Central, Bayamo, Holgu\u00edn y Las Tunas; el retorno desde La Habana mantendr\u00e1 el recorrido oficial hasta Las Tunas, incorporando luego el trayecto por Holgu\u00edn y Bayamo.<\/p>\n<p>Esta reorganizaci\u00f3n de las rutas responde al compromiso de mantener el servicio a la poblaci\u00f3n en condiciones seguras, tras los da\u00f1os provocados por el hurac\u00e1n Melissa en varias v\u00edas del oriente cubano.<\/p>\n<p>La empresa exhorta a los viajeros a mantenerse informados sobre los horarios y trayectos actualizados, y ratifica su voluntad de acompa\u00f1ar al pueblo en esta etapa de recuperaci\u00f3n.<\/p>\n","protected":false},"excerpt":{"rendered":"<p>En medio del proceso de recuperaci\u00f3n tras el paso del hurac\u00e1n Melissa, la empresa \u00d3mnibus Nacionales anunci\u00f3 este martes la reanudaci\u00f3n progresiva de sus servicios interprovinciales, con ajustes en los recorridos para garantizar la conectividad entre territorios y sortear las zonas a\u00fan comprometidas por las afectaciones meteorol\u00f3gicas. Desde de las 23:50 horas de este martes [&hellip;]<\/p>\n","protected":false},"author":123,"featured_media":29326,"comment_status":"open","ping_status":"open","sticky":false,"template":"","format":"standard","meta":{"_acf_changed":false,"footnotes":""},"categories":[8,3,16],"tags":[2100,2098,2099],"coauthors":[1895],"class_list":["post-57119","post","type-post","status-publish","format-standard","has-post-thumbnail","hentry","category-noticia","category-cuba","category-economia","tag-con-ajustes-en-los-recorridos-para-garantizar-la-conectividad-entre-territorios-y-sortear-las-zonas-aun-comprometidas-por-las-afectaciones-meteorologicas","tag-en-medio-del-proceso-de-recuperacion-tras-el-paso-del-huracan-melissa","tag-la-empresa-omnibus-nacionales-anuncio-este-martes-la-reanudacion-progresiva-de-sus-servicios-interprovinciales"],"acf":[],"_links":{"self":[{"href":"https:\/\/www.radiosanctispiritus.cu\/es\/wp-json\/wp\/v2\/posts\/57119","targetHints":{"allow":["GET"]}}],"collection":[{"href":"https:\/\/www.radiosanctispiritus.cu\/es\/wp-json\/wp\/v2\/posts"}],"about":[{"href":"https:\/\/www.radiosanctispiritus.cu\/es\/wp-json\/wp\/v2\/types\/post"}],"author":[{"embeddable":true,"href":"https:\/\/www.radiosanctispiritus.cu\/es\/wp-json\/wp\/v2\/users\/123"}],"replies":[{"embeddable":true,"href":"https:\/\/www.radiosanctispiritus.cu\/es\/wp-json\/wp\/v2\/comments?post=57119"}],"version-history":[{"count":1,"href":"https:\/\/www.radiosanctispiritus.cu\/es\/wp-json\/wp\/v2\/posts\/57119\/revisions"}],"predecessor-version":[{"id":57120,"href":"https:\/\/www.radiosanctispiritus.cu\/es\/wp-json\/wp\/v2\/posts\/57119\/revisions\/57120"}],"wp:featuredmedia":[{"embeddable":true,"href":"https:\/\/www.radiosanctispiritus.cu\/es\/wp-json\/wp\/v2\/media\/29326"}],"wp:attachment":[{"href":"https:\/\/www.radiosanctispiritus.cu\/es\/wp-json\/wp\/v2\/media?parent=57119"}],"wp:term":[{"taxonomy":"category","embeddable":true,"href":"https:\/\/www.radiosanctispiritus.cu\/es\/wp-json\/wp\/v2\/categories?post=57119"},{"taxonomy":"post_tag","embeddable":true,"href":"https:\/\/www.radiosanctispiritus.cu\/es\/wp-json\/wp\/v2\/tags?post=57119"},{"taxonomy":"author","embeddable":true,"href":"https:\/\/www.radiosanctispiritus.cu\/es\/wp-json\/wp\/v2\/coauthors?post=57119"}],"curies":[{"name":"wp","href":"https:\/\/api.w.org\/{rel}","templated":true}]}}