{"id":57099,"date":"2025-11-04T13:37:54","date_gmt":"2025-11-04T18:37:54","guid":{"rendered":"https:\/\/www.radiosanctispiritus.cu\/es\/?p=57099"},"modified":"2025-11-04T13:37:54","modified_gmt":"2025-11-04T18:37:54","slug":"decrece-numero-de-visitantes-a-la-finca-turistica-la-picadora","status":"publish","type":"post","link":"https:\/\/www.radiosanctispiritus.cu\/es\/decrece-numero-de-visitantes-a-la-finca-turistica-la-picadora\/","title":{"rendered":"Decrece n\u00famero de visitantes a la finca tur\u00edstica La Picadora"},"content":{"rendered":"<p>Debido a diversas causas, la afluencia de visitantes extranjeros ha decrecido en este 2025 en la finca agrotur\u00edstica y ecol\u00f3gica La Picadora, que forma parte del proyecto comunitario Despertando Sue\u00f1os, cito en la referida comunidad en el Consejo Popular Mayajigua de Yaguajay.<\/p>\n<p><iframe src=\"https:\/\/www.ivoox.com\/player_ej_161799672_6_1.html?c1=7a0d0b\" width=\"100%\" height=\"200\" frameborder=\"0\" scrolling=\"no\" allowfullscreen=\"allowfullscreen\"><\/iframe><\/p>\n","protected":false},"excerpt":{"rendered":"<p>Debido a diversas causas, la afluencia de visitantes extranjeros ha decrecido en este 2025 en la finca agrotur\u00edstica y ecol\u00f3gica La Picadora, que forma parte del proyecto comunitario Despertando Sue\u00f1os, cito en la referida comunidad en el Consejo Popular Mayajigua de Yaguajay.<\/p>\n","protected":false},"author":146,"featured_media":57100,"comment_status":"open","ping_status":"open","sticky":false,"template":"","format":"standard","meta":{"_acf_changed":false,"footnotes":""},"categories":[8,9,1170],"tags":[],"coauthors":[1922],"class_list":["post-57099","post","type-post","status-publish","format-standard","has-post-thumbnail","hentry","category-noticia","category-en-audio","category-turismo"],"acf":[],"_links":{"self":[{"href":"https:\/\/www.radiosanctispiritus.cu\/es\/wp-json\/wp\/v2\/posts\/57099","targetHints":{"allow":["GET"]}}],"collection":[{"href":"https:\/\/www.radiosanctispiritus.cu\/es\/wp-json\/wp\/v2\/posts"}],"about":[{"href":"https:\/\/www.radiosanctispiritus.cu\/es\/wp-json\/wp\/v2\/types\/post"}],"author":[{"embeddable":true,"href":"https:\/\/www.radiosanctispiritus.cu\/es\/wp-json\/wp\/v2\/users\/146"}],"replies":[{"embeddable":true,"href":"https:\/\/www.radiosanctispiritus.cu\/es\/wp-json\/wp\/v2\/comments?post=57099"}],"version-history":[{"count":1,"href":"https:\/\/www.radiosanctispiritus.cu\/es\/wp-json\/wp\/v2\/posts\/57099\/revisions"}],"predecessor-version":[{"id":57101,"href":"https:\/\/www.radiosanctispiritus.cu\/es\/wp-json\/wp\/v2\/posts\/57099\/revisions\/57101"}],"wp:featuredmedia":[{"embeddable":true,"href":"https:\/\/www.radiosanctispiritus.cu\/es\/wp-json\/wp\/v2\/media\/57100"}],"wp:attachment":[{"href":"https:\/\/www.radiosanctispiritus.cu\/es\/wp-json\/wp\/v2\/media?parent=57099"}],"wp:term":[{"taxonomy":"category","embeddable":true,"href":"https:\/\/www.radiosanctispiritus.cu\/es\/wp-json\/wp\/v2\/categories?post=57099"},{"taxonomy":"post_tag","embeddable":true,"href":"https:\/\/www.radiosanctispiritus.cu\/es\/wp-json\/wp\/v2\/tags?post=57099"},{"taxonomy":"author","embeddable":true,"href":"https:\/\/www.radiosanctispiritus.cu\/es\/wp-json\/wp\/v2\/coauthors?post=57099"}],"curies":[{"name":"wp","href":"https:\/\/api.w.org\/{rel}","templated":true}]}}