{"id":57091,"date":"2025-11-04T08:46:03","date_gmt":"2025-11-04T13:46:03","guid":{"rendered":"https:\/\/www.radiosanctispiritus.cu\/es\/?p=57091"},"modified":"2025-11-04T08:46:03","modified_gmt":"2025-11-04T13:46:03","slug":"como-se-rescato-a-11-personas-en-la-comunidad-inundada-de-altagracia-en-holguin","status":"publish","type":"post","link":"https:\/\/www.radiosanctispiritus.cu\/es\/como-se-rescato-a-11-personas-en-la-comunidad-inundada-de-altagracia-en-holguin\/","title":{"rendered":"\u00bfC\u00f3mo se rescat\u00f3 a 11 personas en la comunidad inundada de Altagracia, en Holgu\u00edn?"},"content":{"rendered":"<p>Un suspiro largo, que aleja desesperanza, se le escapa al hombre una vez en el interior del helic\u00f3ptero. Dos o tres minutos atr\u00e1s, por medio de un cable de acero movido por un carrete especial, lo han subido a la aeronave en vuelo estacionario.<\/p>\n<p>Afirma llamarse Raciel Rodr\u00edguez P\u00e9rez. Ha aparecido de la nada, en medio de una extensa \u00e1rea inundada, mientras la tripulaci\u00f3n busca a otras diez personas refugiadas en la segunda planta del consultorio m\u00e9dico del poblado de Altagracia, en el municipio de Cacocum.<\/p>\n<p>Aunque es un lugare\u00f1o, por su estado emocional (estuvo casi tres d\u00edas sin comer, refugiado en los puntos m\u00e1s altos que encontr\u00f3) no es gu\u00eda apto para localizar al grupo en aprietos. Adem\u00e1s, con la zona inundada, desde el aire es dif\u00edcil encontrar los puntos de referencia para localizar el consultorio rodeado de aguas fangosas y de casi dos metros de profundidad.<\/p>\n<p>La b\u00fasqueda contin\u00faa. El comandante de la aeronave, coronel Alfredo \u00c1reas Mart\u00ednez, pone rumbo al poblado de Maceo. Es resultado de la decisi\u00f3n consultada con el primer coronel Luis de la Cruz, jefe de la Regi\u00f3n Militar de Holgu\u00edn, y Diosmanis Cruz Morales, designado por el Consejo de Defensa Provincial para coordinar el rescate.<\/p>\n<p>Tras un vuelo r\u00e1pido y seguro, el helic\u00f3ptero toca tierra. Raciel Rodr\u00edguez desciende y el rostro es del hombre a quien el alma le volvi\u00f3 al cuerpo, lo que aprecian los familiares que le aguardan.<\/p>\n<p>Nuevamente, rugen lo motores al anunciar el despegue. Ahora es parte del grupo de rescate Raciel Castillo Verdecia, delegado del Poder Popular en la zona de Altagracia, quien contribuye a localizar un rato despu\u00e9s al consultorio y a los desesperados hombres refugiados all\u00ed.<\/p>\n<p>Una vez sobre la instalaci\u00f3n, el piloto coloca la aeronave en vuelo estacionario. Igual que en el primer salvamento, atado al cable de acero, desciende el rescatista Yordanis \u00c1vila Calzada. Ya sobre la placa de concreto, no dilata la colocaci\u00f3n del arn\u00e9s y del cable a Julio Cesar Fonseca. Con \u00e9l a bordo, el helic\u00f3ptero emprende un vuelo en forma de c\u00edrculo, que vuelve a terminar sobre el consultorio, para recoger a otro de los refugiados.<\/p>\n<p>Esa operaci\u00f3n, explicar\u00e1 un rato despu\u00e9s el coronel, es para no prolongar el vuelo estacionario del helic\u00f3ptero. De lo contario, los motores sufrir\u00edan m\u00e1s.<\/p>\n<p>El procedimiento es repetido hasta subir a todos los angustiados compatriotas. La cara de Julio C\u00e9sar refleja felicidad. Ahora lo acompa\u00f1a su hijo Ever. Los dos manifiestan que estaban seguros de que no ser\u00edan abandonados a su suerte.<\/p>\n<div id=\"attachment_57093\" style=\"width: 590px\" class=\"wp-caption aligncenter\"><img decoding=\"async\" aria-describedby=\"caption-attachment-57093\" class=\"size-full wp-image-57093\" src=\"https:\/\/www.radiosanctispiritus.cu\/es\/wp-content\/uploads\/Alta-Gracia-2.jpg\" alt=\"\" width=\"580\" height=\"387\" \/><p id=\"caption-attachment-57093\" class=\"wp-caption-text\">Foto: Juan Pablo Carreras\/Cubadebate<\/p><\/div>\n<p>Nuevamente, la nave pone curso al poblado de Maceo. El vuelo es corto. Aterriza y los rescatados corren al encuentro con los familiares. A Gerardo Ram\u00f3n \u00c1vila lo rodean la esposa, los hijos y los nietos. El cari\u00f1o que recibe le ayudar\u00e1 a sanar el tajo espiritual causado por el temor a morir engullido por las aguas que lo rodearon.<\/p>\n<p>El coronel Alfredo \u00c1reas, quien anda cerca de las 3 000 horas de vuelo, tambi\u00e9n est\u00e1 sobre el mojado c\u00e9sped del campo de beisbol y observa las reacciones de los reci\u00e9n llegados y la gente que les da la bienvenida. Un periodista le pregunta sobre los sentimientos que le invaden \u00ab\u00a1Alegr\u00eda, igual que ellos!\u00bb, responde.<\/p>\n<p>De pie, frente al morro de la aeronave, asiente el copiloto, mayor Reinier Vega Pulido. Los rescatistas Yordanis \u00c1vila y Miguel Potrill\u00e9 rebosan satisfacci\u00f3n. Si alguien les pidiera a todos enumerar las misiones de salvamento en las que han participado, antes de responder, tendr\u00e1n que sumar durante un rato.<\/p>\n<p>La orden del coronel es lac\u00f3nica: \u00a1A bordo! Con cada subordinado en sus puestos, arrancan los motores. El helic\u00f3ptero toma altura y hace un giro. Fija rumbo hacia la provincia de Granma. All\u00e1 la situaci\u00f3n es compleja y debe sumarse a las aeronaves de igual tipo que realizan rescate tras rescate a causa del r\u00edo Cauto.<\/p>\n<p><em><strong>Tomado de <a href=\"http:\/\/www.cubadebate.cu\/especiales\/2025\/11\/04\/como-se-rescato-a-11-personas-en-la-comunidad-inundada-de-altagracia-en-holguin\/\" target=\"_blank\" rel=\"noopener noreferrer nofollow\">Cubadebate<\/a><\/strong><\/em><\/p>\n","protected":false},"excerpt":{"rendered":"<p>Un suspiro largo, que aleja desesperanza, se le escapa al hombre una vez en el interior del helic\u00f3ptero. Dos o tres minutos atr\u00e1s, por medio de un cable de acero movido por un carrete especial, lo han subido a la aeronave en vuelo estacionario.<\/p>\n","protected":false},"author":4,"featured_media":57092,"comment_status":"open","ping_status":"open","sticky":false,"template":"","format":"standard","meta":{"_acf_changed":false,"footnotes":""},"categories":[8,3],"tags":[142,2089],"coauthors":[1883],"class_list":["post-57091","post","type-post","status-publish","format-standard","has-post-thumbnail","hentry","category-noticia","category-cuba","tag-apoyo-solidario","tag-melissa"],"acf":[],"_links":{"self":[{"href":"https:\/\/www.radiosanctispiritus.cu\/es\/wp-json\/wp\/v2\/posts\/57091","targetHints":{"allow":["GET"]}}],"collection":[{"href":"https:\/\/www.radiosanctispiritus.cu\/es\/wp-json\/wp\/v2\/posts"}],"about":[{"href":"https:\/\/www.radiosanctispiritus.cu\/es\/wp-json\/wp\/v2\/types\/post"}],"author":[{"embeddable":true,"href":"https:\/\/www.radiosanctispiritus.cu\/es\/wp-json\/wp\/v2\/users\/4"}],"replies":[{"embeddable":true,"href":"https:\/\/www.radiosanctispiritus.cu\/es\/wp-json\/wp\/v2\/comments?post=57091"}],"version-history":[{"count":2,"href":"https:\/\/www.radiosanctispiritus.cu\/es\/wp-json\/wp\/v2\/posts\/57091\/revisions"}],"predecessor-version":[{"id":57095,"href":"https:\/\/www.radiosanctispiritus.cu\/es\/wp-json\/wp\/v2\/posts\/57091\/revisions\/57095"}],"wp:featuredmedia":[{"embeddable":true,"href":"https:\/\/www.radiosanctispiritus.cu\/es\/wp-json\/wp\/v2\/media\/57092"}],"wp:attachment":[{"href":"https:\/\/www.radiosanctispiritus.cu\/es\/wp-json\/wp\/v2\/media?parent=57091"}],"wp:term":[{"taxonomy":"category","embeddable":true,"href":"https:\/\/www.radiosanctispiritus.cu\/es\/wp-json\/wp\/v2\/categories?post=57091"},{"taxonomy":"post_tag","embeddable":true,"href":"https:\/\/www.radiosanctispiritus.cu\/es\/wp-json\/wp\/v2\/tags?post=57091"},{"taxonomy":"author","embeddable":true,"href":"https:\/\/www.radiosanctispiritus.cu\/es\/wp-json\/wp\/v2\/coauthors?post=57091"}],"curies":[{"name":"wp","href":"https:\/\/api.w.org\/{rel}","templated":true}]}}