{"id":57080,"date":"2025-11-04T07:02:47","date_gmt":"2025-11-04T12:02:47","guid":{"rendered":"https:\/\/www.radiosanctispiritus.cu\/es\/?p=57080"},"modified":"2025-11-04T09:18:42","modified_gmt":"2025-11-04T14:18:42","slug":"brigada-espirituana-de-salud-mental-ofrece-apoyo-en-el-oriente-cubano-tras-huracan","status":"publish","type":"post","link":"https:\/\/www.radiosanctispiritus.cu\/es\/brigada-espirituana-de-salud-mental-ofrece-apoyo-en-el-oriente-cubano-tras-huracan\/","title":{"rendered":"Brigada espirituana de salud mental ofrece apoyo en el oriente cubano tras hurac\u00e1n"},"content":{"rendered":"<p>Dos psic\u00f3logos y una psiquiatra infantil de Sancti Sp\u00edritus partieron este lunes como parte de la Brigada M\u00e9dica Nacional de Atenci\u00f3n a la Salud Mental, con el prop\u00f3sito de brindar cuidados especializados a las personas afectadas por el hurac\u00e1n Melissa en las provincias orientales del pa\u00eds. Su labor se concentrar\u00e1 principalmente en Granma y Santiago de Cuba, territorios donde las secuelas emocionales del desastre natural requieren intervenci\u00f3n inmediata y sostenida.<\/p>\n<p>Tatiana Vieira Gil, una de las especialistas espirituanas, se\u00f1al\u00f3 que el enfoque estar\u00e1 puesto en la poblaci\u00f3n m\u00e1s vulnerable: ni\u00f1os y adolescentes. \u201cEspero encontrar muchos ni\u00f1os y muchos adolescentes, que es lo que principalmente vamos a atender. Son un sector de la poblaci\u00f3n bien vulnerable, pues con eventos de ansiedad, con eventos de estr\u00e9s postraum\u00e1tico, con trastornos de sue\u00f1o, con muchas patolog\u00edas \u2014incluso algunos que ya ten\u00edan patolog\u00edas\u2014 pueden estar descompensados. Vamos a apoyar, a ense\u00f1ar resiliencia y a crear mecanismos para enfrentar lo que les ha tocado\u201d, explic\u00f3.<\/p>\n<p>Denise Sede\u00f1o Acosta, psic\u00f3loga cl\u00ednica, destac\u00f3 el respaldo familiar y personal que la impulsa a cumplir esta misi\u00f3n. \u201cComo psic\u00f3loga no pod\u00eda negarme al llamado para socorrer, para prestar la ayuda que sea necesaria all\u00e1. La familia me apoya, quedan un poco preocupados, igual uno se va tambi\u00e9n preocupado, deja situaciones atr\u00e1s, pero cuento con el apoyo de ellos. El paso es importante dar, porque hay necesidad all\u00e1\u201d, afirm\u00f3. A\u00f1adi\u00f3 que reforzar\u00e1n el trabajo de los colegas ya desplegados en la zona y brindar\u00e1n atenci\u00f3n tanto a quienes presentan cuadros agudos como a quienes padecen trastornos previos que pudieran haberse agravado tras la emergencia.<\/p>\n<p>Por su parte, Eliezer S\u00e1nchez Calzadilla, tambi\u00e9n psic\u00f3logo cl\u00ednico, enfatiz\u00f3 el car\u00e1cter humanitario y profesional de la tarea. \u201cEstamos ante una situaci\u00f3n de emergencia, el pa\u00eds lo pide y para m\u00ed es un honor poder representar a la provincia, potenciar esas habilidades, esos recursos con los que cuentan las personas. Pienso que la tarea se va a cumplir. Uno se va haciendo conciencia de la magnitud del problema: fue un evento catastr\u00f3fico, un evento grande. Aqu\u00ed estamos para lo que sea\u201d, expres\u00f3.<\/p>\n<p>La intervenci\u00f3n de los especialistas espirituanos combinar\u00e1 estrategias individuales y comunitarias, con el objetivo de identificar tempranamente signos de afectaci\u00f3n emocional, canalizar tratamientos oportunos y fortalecer la capacidad de las personas y comunidades para sobreponerse al trauma.<\/p>\n<p>Su labor no solo busca aliviar el sufrimiento inmediato, sino tambi\u00e9n sembrar herramientas de resiliencia que acompa\u00f1en a las familias orientales en su proceso de recuperaci\u00f3n integral tras el paso del hurac\u00e1n Melissa.<\/p>\n<p><iframe src=\"https:\/\/www.ivoox.com\/player_ej_161770107_6_1.html?c1=7a0d0b\" width=\"100%\" height=\"200\" frameborder=\"0\" scrolling=\"no\" allowfullscreen=\"allowfullscreen\"><\/iframe><\/p>\n","protected":false},"excerpt":{"rendered":"<p>Dos psic\u00f3logos y una psiquiatra infantil de Sancti Sp\u00edritus partieron este lunes como parte de la Brigada M\u00e9dica Nacional de Atenci\u00f3n a la Salud Mental, con el prop\u00f3sito de brindar cuidados especializados a las personas afectadas por el hurac\u00e1n Melissa en las provincias orientales del pa\u00eds<\/p>\n","protected":false},"author":29,"featured_media":57097,"comment_status":"open","ping_status":"open","sticky":false,"template":"","format":"standard","meta":{"_acf_changed":false,"footnotes":""},"categories":[8,3,9,1],"tags":[142,1812],"coauthors":[1856],"class_list":["post-57080","post","type-post","status-publish","format-standard","has-post-thumbnail","hentry","category-noticia","category-cuba","category-en-audio","category-sancti-spiritus","tag-apoyo-solidario","tag-salud-cubana"],"acf":[],"_links":{"self":[{"href":"https:\/\/www.radiosanctispiritus.cu\/es\/wp-json\/wp\/v2\/posts\/57080","targetHints":{"allow":["GET"]}}],"collection":[{"href":"https:\/\/www.radiosanctispiritus.cu\/es\/wp-json\/wp\/v2\/posts"}],"about":[{"href":"https:\/\/www.radiosanctispiritus.cu\/es\/wp-json\/wp\/v2\/types\/post"}],"author":[{"embeddable":true,"href":"https:\/\/www.radiosanctispiritus.cu\/es\/wp-json\/wp\/v2\/users\/29"}],"replies":[{"embeddable":true,"href":"https:\/\/www.radiosanctispiritus.cu\/es\/wp-json\/wp\/v2\/comments?post=57080"}],"version-history":[{"count":2,"href":"https:\/\/www.radiosanctispiritus.cu\/es\/wp-json\/wp\/v2\/posts\/57080\/revisions"}],"predecessor-version":[{"id":57098,"href":"https:\/\/www.radiosanctispiritus.cu\/es\/wp-json\/wp\/v2\/posts\/57080\/revisions\/57098"}],"wp:featuredmedia":[{"embeddable":true,"href":"https:\/\/www.radiosanctispiritus.cu\/es\/wp-json\/wp\/v2\/media\/57097"}],"wp:attachment":[{"href":"https:\/\/www.radiosanctispiritus.cu\/es\/wp-json\/wp\/v2\/media?parent=57080"}],"wp:term":[{"taxonomy":"category","embeddable":true,"href":"https:\/\/www.radiosanctispiritus.cu\/es\/wp-json\/wp\/v2\/categories?post=57080"},{"taxonomy":"post_tag","embeddable":true,"href":"https:\/\/www.radiosanctispiritus.cu\/es\/wp-json\/wp\/v2\/tags?post=57080"},{"taxonomy":"author","embeddable":true,"href":"https:\/\/www.radiosanctispiritus.cu\/es\/wp-json\/wp\/v2\/coauthors?post=57080"}],"curies":[{"name":"wp","href":"https:\/\/api.w.org\/{rel}","templated":true}]}}