{"id":57077,"date":"2025-11-04T06:56:45","date_gmt":"2025-11-04T11:56:45","guid":{"rendered":"https:\/\/www.radiosanctispiritus.cu\/es\/?p=57077"},"modified":"2025-11-04T08:04:33","modified_gmt":"2025-11-04T13:04:33","slug":"espirituanos-restablecen-comunicaciones-en-estribaciones-de-la-sierra-maestra","status":"publish","type":"post","link":"https:\/\/www.radiosanctispiritus.cu\/es\/espirituanos-restablecen-comunicaciones-en-estribaciones-de-la-sierra-maestra\/","title":{"rendered":"Espirituanos restablecen comunicaciones en estribaciones de la Sierra Maestra"},"content":{"rendered":"<p>En medio de caminos destrozados, postes ca\u00eddos y comunidades incomunicadas, tres brigadas de la Divisi\u00f3n Territorial de Etecsa en Sancti Sp\u00edritus llevan d\u00edas trabajando sin descanso en el municipio de Guisa, Granma, para restablecer los servicios de telecomunicaciones tras el paso del hurac\u00e1n Melissa. <\/p>\n<p>Desde un rinc\u00f3n remoto de la Sierra Maestra, N\u00e9stor Rafael P\u00e9rez Rubio, jefe de la Brigada de Corte y Bajante, logr\u00f3 establecer contacto telef\u00f3nico durante una breve ventana de cobertura para relatar las condiciones en las que laboran. \u201cPartimos para ac\u00e1, acabado de pasar el cicl\u00f3n el d\u00eda 29 de octubre y tuvimos que hacer dos d\u00edas de estancia en Las Tunas por el cauce, estaba inundado, no pudimos pasar. El d\u00eda 31 llegamos ya aqu\u00ed a Bayamo y estamos trabajando en el municipio de Guisa, eso ya es donde comienza la Sierra Maestra\u201d, explic\u00f3. <\/p>\n<p>Las dificultades para acceder a zonas monta\u00f1osas y remotas han retrasado la evaluaci\u00f3n total de los da\u00f1os. \u201cHay lugares que tenemos que continuar pero todav\u00eda no hay acceso y no se ha podido cuantificar los da\u00f1os en esa zona\u201d, se\u00f1al\u00f3 P\u00e9rez, quien precis\u00f3 que en el terreno operan tres brigadas espirituanas: una de l\u00ednea, otra de cable y la suya, especializada en corte y bajante. <\/p>\n<p>El hurac\u00e1n Melissa, de categor\u00eda 3, dej\u00f3 un rastro de destrucci\u00f3n agravado por las intensas lluvias previas, que debilitaron el suelo y provocaron el colapso de postes y tendidos. \u201cLos eventos siempre son catastr\u00f3ficos, esos son impredecibles. Tambi\u00e9n al haber mucha agua como hubo en este antes, los da\u00f1os son mayores\u201d, coment\u00f3 el especialista, quien ha enfrentado huracanes incluso de categor\u00eda 5 en zonas occidentales del pa\u00eds. <\/p>\n<p>A pesar de los desaf\u00edos y la escasez de recursos, los trabajadores de Etecsa priorizan la restituci\u00f3n de los servicios esenciales. En una escuela evacuada de Guisa, por ejemplo, instalaron temporalmente una l\u00ednea p\u00fablica para que las familias desplazadas puedan comunicarse con sus seres queridos. \u201cLes explicamos y les resolvemos el problema, siempre y cuando los recursos existan\u201d, dijo P\u00e9rez. <\/p>\n<p>Cuando llegaron, la comunicaci\u00f3n era pr\u00e1cticamente nula. \u201cMuchas casas que est\u00e1n todav\u00eda sin poder llegarle y por eso hay que esperar un poquito que lleguen\u201d, reconoci\u00f3.   <\/p>\n<p>Casi en la cima de la Sierra Maestra, sin fecha definida de regreso, los trabajadores de Etecsa de Sancti Sp\u00edritus siguen adelante con un \u00fanico objetivo: devolver la voz a las comunidades aisladas por la tormenta. Su esfuerzo, silencioso y constante, representa una vez m\u00e1s el compromiso del sector de las telecomunicaciones con la solidaridad y la recuperaci\u00f3n nacional. <\/p>\n<p><iframe src=\"https:\/\/www.ivoox.com\/player_ej_161767436_6_1.html?c1=7a0d0b\" width=\"100%\" height=\"200\" frameborder=\"0\" allowfullscreen=\"\" scrolling=\"no\" loading=\"lazy\"><\/iframe><\/p>\n","protected":false},"excerpt":{"rendered":"<p>En medio de caminos destrozados, postes ca\u00eddos y comunidades incomunicadas, tres brigadas de la Divisi\u00f3n Territorial de Etecsa en Sancti Sp\u00edritus llevan d\u00edas trabajando sin descanso en el municipio de Guisa, Granma, para restablecer los servicios de telecomunicaciones tras el paso del hurac\u00e1n Melissa. <\/p>\n","protected":false},"author":184,"featured_media":16063,"comment_status":"open","ping_status":"open","sticky":false,"template":"","format":"standard","meta":{"_acf_changed":false,"footnotes":""},"categories":[8,3,9,1],"tags":[142,339],"coauthors":[1893],"class_list":["post-57077","post","type-post","status-publish","format-standard","has-post-thumbnail","hentry","category-noticia","category-cuba","category-en-audio","category-sancti-spiritus","tag-apoyo-solidario","tag-etecsa"],"acf":[],"_links":{"self":[{"href":"https:\/\/www.radiosanctispiritus.cu\/es\/wp-json\/wp\/v2\/posts\/57077","targetHints":{"allow":["GET"]}}],"collection":[{"href":"https:\/\/www.radiosanctispiritus.cu\/es\/wp-json\/wp\/v2\/posts"}],"about":[{"href":"https:\/\/www.radiosanctispiritus.cu\/es\/wp-json\/wp\/v2\/types\/post"}],"author":[{"embeddable":true,"href":"https:\/\/www.radiosanctispiritus.cu\/es\/wp-json\/wp\/v2\/users\/184"}],"replies":[{"embeddable":true,"href":"https:\/\/www.radiosanctispiritus.cu\/es\/wp-json\/wp\/v2\/comments?post=57077"}],"version-history":[{"count":2,"href":"https:\/\/www.radiosanctispiritus.cu\/es\/wp-json\/wp\/v2\/posts\/57077\/revisions"}],"predecessor-version":[{"id":57079,"href":"https:\/\/www.radiosanctispiritus.cu\/es\/wp-json\/wp\/v2\/posts\/57077\/revisions\/57079"}],"wp:featuredmedia":[{"embeddable":true,"href":"https:\/\/www.radiosanctispiritus.cu\/es\/wp-json\/wp\/v2\/media\/16063"}],"wp:attachment":[{"href":"https:\/\/www.radiosanctispiritus.cu\/es\/wp-json\/wp\/v2\/media?parent=57077"}],"wp:term":[{"taxonomy":"category","embeddable":true,"href":"https:\/\/www.radiosanctispiritus.cu\/es\/wp-json\/wp\/v2\/categories?post=57077"},{"taxonomy":"post_tag","embeddable":true,"href":"https:\/\/www.radiosanctispiritus.cu\/es\/wp-json\/wp\/v2\/tags?post=57077"},{"taxonomy":"author","embeddable":true,"href":"https:\/\/www.radiosanctispiritus.cu\/es\/wp-json\/wp\/v2\/coauthors?post=57077"}],"curies":[{"name":"wp","href":"https:\/\/api.w.org\/{rel}","templated":true}]}}