{"id":57017,"date":"2025-11-03T09:03:29","date_gmt":"2025-11-03T14:03:29","guid":{"rendered":"https:\/\/www.radiosanctispiritus.cu\/es\/?p=57017"},"modified":"2025-11-03T09:03:29","modified_gmt":"2025-11-03T14:03:29","slug":"gremio-artistico-de-cuba-brinda-apoyo-a-afectados-por-huracan-melissa","status":"publish","type":"post","link":"https:\/\/www.radiosanctispiritus.cu\/es\/gremio-artistico-de-cuba-brinda-apoyo-a-afectados-por-huracan-melissa\/","title":{"rendered":"Gremio art\u00edstico de Cuba brinda apoyo a afectados por hurac\u00e1n Melissa"},"content":{"rendered":"<p>Los j\u00f3venes de la asociaci\u00f3n estamos participando desde el primer momento, declar\u00f3 hoy en el noticiero dominical el presidente de la AHS, Yasel Toledo.<\/p>\n<p>Creo que en parte lo especial es como nos hemos unido con maestros y otros creadores de mucha experiencia que son referentes para nosotros; otra vez se demuestra como en situaciones complejas el sector art\u00edstico y el pueblo de manera general, se une, a\u00f1adi\u00f3 Toledo.<\/p>\n<p>El presidente nacional de las BJM, Carlos Alberto Castillo, resalt\u00f3 el compromiso de los integrantes desde el primer momento, cuando se conocieron las posibles consecuencias del paso del hurac\u00e1n Melissa por la regi\u00f3n.<\/p>\n<p>La idea es llegar hasta las personas que m\u00e1s lo necesitan y ofrecerles el poder transformador que tiene el arte en situaciones de desastre de este tipo, manifest\u00f3 Castillo.<\/p>\n<p>Ambas organizaciones conforman junto al Ministerio de Cultura y la Uni\u00f3n de J\u00f3venes Comunistas el proyecto Brigadas Venga la esperanza, con el objetivo de extender apoyo emocional y psicosocial a las comunidades, barrios e instituciones, con talleres y presentaciones art\u00edsticas.<\/p>\n<p>A ra\u00edz del paso de Melissa, la AHS extender\u00e1 el plazo de las convocatorias de todas sus becas y premios hasta el 15 de noviembre, permitiendo la participaci\u00f3n de aquellos creadores damnificados por el evento meteorol\u00f3gico.<\/p>\n<p>Asimismo, Toledo y Castillo confirmaron que todav\u00eda se est\u00e1n recogiendo donaciones para los afectados en las sedes principales de ambas instituciones.<\/p>\n<p><em><strong>Tomado de <a href=\"https:\/\/www.prensa-latina.cu\/2025\/11\/02\/gremio-artistico-de-cuba-brinda-apoyo-a-afectados-por-huracan-melissa\/\" target=\"_blank\" rel=\"noopener noreferrer nofollow\">Prensa Latina<\/a><\/strong><\/em><\/p>\n","protected":false},"excerpt":{"rendered":"<p>Miembros de la Asociaci\u00f3n Hermanos Sa\u00edz (AHS) y las Brigadas de Instructores de Arte Jos\u00e9 Mart\u00ed (BJM) colaboran hoy en centros de evacuaci\u00f3n de la zona oriental de Cuba, afectada severamente por el hurac\u00e1n Melissa.<\/p>\n","protected":false},"author":4,"featured_media":57018,"comment_status":"open","ping_status":"open","sticky":false,"template":"","format":"standard","meta":{"_acf_changed":false,"footnotes":""},"categories":[8,3,6],"tags":[142,282],"coauthors":[1883],"class_list":["post-57017","post","type-post","status-publish","format-standard","has-post-thumbnail","hentry","category-noticia","category-cuba","category-cultura","tag-apoyo-solidario","tag-cultura"],"acf":[],"_links":{"self":[{"href":"https:\/\/www.radiosanctispiritus.cu\/es\/wp-json\/wp\/v2\/posts\/57017","targetHints":{"allow":["GET"]}}],"collection":[{"href":"https:\/\/www.radiosanctispiritus.cu\/es\/wp-json\/wp\/v2\/posts"}],"about":[{"href":"https:\/\/www.radiosanctispiritus.cu\/es\/wp-json\/wp\/v2\/types\/post"}],"author":[{"embeddable":true,"href":"https:\/\/www.radiosanctispiritus.cu\/es\/wp-json\/wp\/v2\/users\/4"}],"replies":[{"embeddable":true,"href":"https:\/\/www.radiosanctispiritus.cu\/es\/wp-json\/wp\/v2\/comments?post=57017"}],"version-history":[{"count":1,"href":"https:\/\/www.radiosanctispiritus.cu\/es\/wp-json\/wp\/v2\/posts\/57017\/revisions"}],"predecessor-version":[{"id":57019,"href":"https:\/\/www.radiosanctispiritus.cu\/es\/wp-json\/wp\/v2\/posts\/57017\/revisions\/57019"}],"wp:featuredmedia":[{"embeddable":true,"href":"https:\/\/www.radiosanctispiritus.cu\/es\/wp-json\/wp\/v2\/media\/57018"}],"wp:attachment":[{"href":"https:\/\/www.radiosanctispiritus.cu\/es\/wp-json\/wp\/v2\/media?parent=57017"}],"wp:term":[{"taxonomy":"category","embeddable":true,"href":"https:\/\/www.radiosanctispiritus.cu\/es\/wp-json\/wp\/v2\/categories?post=57017"},{"taxonomy":"post_tag","embeddable":true,"href":"https:\/\/www.radiosanctispiritus.cu\/es\/wp-json\/wp\/v2\/tags?post=57017"},{"taxonomy":"author","embeddable":true,"href":"https:\/\/www.radiosanctispiritus.cu\/es\/wp-json\/wp\/v2\/coauthors?post=57017"}],"curies":[{"name":"wp","href":"https:\/\/api.w.org\/{rel}","templated":true}]}}