{"id":57006,"date":"2025-11-02T12:54:01","date_gmt":"2025-11-02T17:54:01","guid":{"rendered":"https:\/\/www.radiosanctispiritus.cu\/es\/?p=57006"},"modified":"2025-11-02T21:59:36","modified_gmt":"2025-11-03T02:59:36","slug":"silvio-rodriguez-se-despide-de-latinoamerica-en-cali-colombia","status":"publish","type":"post","link":"https:\/\/www.radiosanctispiritus.cu\/es\/silvio-rodriguez-se-despide-de-latinoamerica-en-cali-colombia\/","title":{"rendered":"Silvio Rodr\u00edguez se despide de Latinoam\u00e9rica en Cali, Colombia"},"content":{"rendered":"<p>La presentaci\u00f3n del representante de la nueva trova cubana en la capital del departamento Valle del Cauca tendr\u00e1 lugar en la Arena Ca\u00f1averalejo, con capacidad para m\u00e1s de 15 mil personas.<\/p>\n<p>Su concierto anterior fue tambi\u00e9n en suelo neogranadino el pasado viernes, en la ciudad de Medell\u00edn, en el Estadio Polideportivo de Envigado, al que sus seguidores abarrotaron.<\/p>\n<p>All\u00ed sedujo, como lo hiciera 15 a\u00f1os antes en esa misma urbe, con composiciones antol\u00f3gicas como \u201cCanci\u00f3n del elegido\u201d, \u201cHistoria de las sillas\u201d, \u201cAla de Colibr\u00ed\u201d, \u201cSue\u00f1o con Serpientes\u201d, \u201cPeque\u00f1a serenata diurna\u201d, \u201cUnicornio\u201d, \u201cTe amar\u00e9\u201d, y \u201c\u00c1ngel para un final\u201d, entre otras.<\/p>\n<p>Tambi\u00e9n incorpor\u00f3 otros temas ic\u00f3nicos de compatriotas suyos como \u201cTe perdono\u201d, de Noel Nicola, y \u201cYolanda\u201d, de Pablo Milan\u00e9s.<\/p>\n<p>Con las emociones a flor de piel, los asistentes al espect\u00e1culo se fusionaron en un coro multitudinario, sobre todo cuando interpret\u00f3 Ojal\u00e1 y el Necio, piezas ya infaltables en su repertorio.<\/p>\n<p>Rodr\u00edguez deleit\u00f3 a un p\u00fablico que en todo momento lo reciproc\u00f3 con aplausos atronadores, gritos ensordecedores, exclamaciones de bravo, por eso no fue de extra\u00f1ar que la despedida del bardo se volviera inconcebible para sus fans, quienes ped\u00edan por m\u00e1s canciones al final de la noche.<\/p>\n<p>La gira del cantautor por Latinoam\u00e9rica comenz\u00f3 de manera oficial el 19 de septiembre de 2025 con un concierto en La Habana, Cuba.<\/p>\n<p>Luego continu\u00f3 en escenarios de Chile, Argentina, Uruguay, Per\u00fa y Colombia, pa\u00edses en los que recibi\u00f3 vastas muestras de cari\u00f1o y admiraci\u00f3n.<\/p>\n<p><em><strong>Tomado de <a href=\"https:\/\/www.prensa-latina.cu\/2025\/11\/02\/silvio-rodriguez-se-despide-de-latinoamerica-en-cali-colombia\/\" target=\"_blank\" rel=\"noopener noreferrer nofollow\">Prensa Latina<\/a><\/strong><\/em><\/p>\n","protected":false},"excerpt":{"rendered":"<p>Frente al p\u00fablico de la ciudad de Cali, que en Colombia merece el sobrenombre de la Sucursal del Cielo, se despedir\u00e1 hoy el cantautor Silvio Rodr\u00edguez de una gira que lo llev\u00f3 a escenarios de cinco pa\u00edses de Latinoam\u00e9rica. <\/p>\n","protected":false},"author":26,"featured_media":57007,"comment_status":"open","ping_status":"open","sticky":false,"template":"","format":"standard","meta":{"_acf_changed":false,"footnotes":""},"categories":[8,3,6,4],"tags":[265,952],"coauthors":[1887],"class_list":["post-57006","post","type-post","status-publish","format-standard","has-post-thumbnail","hentry","category-noticia","category-cuba","category-cultura","category-internacionales","tag-cultura-cubana","tag-silvio-rodriguez"],"acf":[],"_links":{"self":[{"href":"https:\/\/www.radiosanctispiritus.cu\/es\/wp-json\/wp\/v2\/posts\/57006","targetHints":{"allow":["GET"]}}],"collection":[{"href":"https:\/\/www.radiosanctispiritus.cu\/es\/wp-json\/wp\/v2\/posts"}],"about":[{"href":"https:\/\/www.radiosanctispiritus.cu\/es\/wp-json\/wp\/v2\/types\/post"}],"author":[{"embeddable":true,"href":"https:\/\/www.radiosanctispiritus.cu\/es\/wp-json\/wp\/v2\/users\/26"}],"replies":[{"embeddable":true,"href":"https:\/\/www.radiosanctispiritus.cu\/es\/wp-json\/wp\/v2\/comments?post=57006"}],"version-history":[{"count":2,"href":"https:\/\/www.radiosanctispiritus.cu\/es\/wp-json\/wp\/v2\/posts\/57006\/revisions"}],"predecessor-version":[{"id":57009,"href":"https:\/\/www.radiosanctispiritus.cu\/es\/wp-json\/wp\/v2\/posts\/57006\/revisions\/57009"}],"wp:featuredmedia":[{"embeddable":true,"href":"https:\/\/www.radiosanctispiritus.cu\/es\/wp-json\/wp\/v2\/media\/57007"}],"wp:attachment":[{"href":"https:\/\/www.radiosanctispiritus.cu\/es\/wp-json\/wp\/v2\/media?parent=57006"}],"wp:term":[{"taxonomy":"category","embeddable":true,"href":"https:\/\/www.radiosanctispiritus.cu\/es\/wp-json\/wp\/v2\/categories?post=57006"},{"taxonomy":"post_tag","embeddable":true,"href":"https:\/\/www.radiosanctispiritus.cu\/es\/wp-json\/wp\/v2\/tags?post=57006"},{"taxonomy":"author","embeddable":true,"href":"https:\/\/www.radiosanctispiritus.cu\/es\/wp-json\/wp\/v2\/coauthors?post=57006"}],"curies":[{"name":"wp","href":"https:\/\/api.w.org\/{rel}","templated":true}]}}