{"id":56967,"date":"2025-11-01T22:29:33","date_gmt":"2025-11-02T02:29:33","guid":{"rendered":"https:\/\/www.radiosanctispiritus.cu\/es\/?p=56967"},"modified":"2025-11-01T22:29:33","modified_gmt":"2025-11-02T02:29:33","slug":"diaz-canel-convoca-a-volcarse-en-recuperacion-de-provincias-impactadas-por-melissa","status":"publish","type":"post","link":"https:\/\/www.radiosanctispiritus.cu\/es\/diaz-canel-convoca-a-volcarse-en-recuperacion-de-provincias-impactadas-por-melissa\/","title":{"rendered":"D\u00edaz-Canel convoca a volcarse en recuperaci\u00f3n de provincias impactadas por Melissa"},"content":{"rendered":"<p>Desde la sesi\u00f3n este s\u00e1bado del Consejo de Defensa Nacional, su Presidente Miguel D\u00edaz-Canel Berm\u00fadez<strong>, <\/strong>convoc\u00f3 a todas las fuerzas del pa\u00eds a volcarse en la recuperaci\u00f3n de las provincias impactadas por el paso del hurac\u00e1n Melissa.<\/p>\n<p>Luego de recorrer cuatro de las provincias m\u00e1s afectadas, el mandatario coment\u00f3 este s\u00e1bado que los principales da\u00f1os ocurrieron en Santiago de Cuba, mientras que persisten condiciones desfavorables en los municipios granmenses de R\u00edo Cauto y Cauto Cristo por inundaciones.<\/p>\n<p>El Jefe de Estado indic\u00f3 centrar esfuerzos en la cuantificaci\u00f3n de los da\u00f1os, trabajar con intensidad en el saneamiento y en la rehabilitaci\u00f3n de los servicios de agua y electricidad, e iniciar la siembra de cultivos de ciclo corto.<\/p>\n<p>Igualmente, puntualiz\u00f3 sobre la organizaci\u00f3n de las oficinas de tr\u00e1mites para comenzar su funcionamiento y atender bien a los damnificados; as\u00ed como priorizar la distribuci\u00f3n de las donaciones en dependencia de las zonas m\u00e1s afectadas.<\/p>\n<p>El Consejo de Defensa Nacional sesion\u00f3 en su composici\u00f3n ampliada, con los jefes de cada grupo de ese \u00f3rgano, encargados de asuntos vitales para la recuperaci\u00f3n como la electricidad, las comunicaciones, los alimentos, el transporte, las construcciones, entre otros.<\/p>\n<p>En esta sesi\u00f3n no participaron los dirigentes de las provincias, que est\u00e1n trabajando directamente en el terreno, las reuniones deben ser las m\u00ednimas, insisti\u00f3 el mandatario.<\/p>\n<p><strong>(Con informaci\u00f3n de Presidencia Cuba)<\/strong><\/p>\n","protected":false},"excerpt":{"rendered":"<p>Desde la sesi\u00f3n este s\u00e1bado del Consejo de Defensa Nacional, su Presidente Miguel D\u00edaz-Canel Berm\u00fadez, convoc\u00f3 a todas las fuerzas del pa\u00eds a volcarse en la recuperaci\u00f3n de las provincias impactadas por el paso del hurac\u00e1n Melissa.<\/p>\n","protected":false},"author":26,"featured_media":56968,"comment_status":"open","ping_status":"open","sticky":false,"template":"","format":"standard","meta":{"_acf_changed":false,"footnotes":""},"categories":[8,3],"tags":[368,2089,28,195],"coauthors":[1887],"class_list":["post-56967","post","type-post","status-publish","format-standard","has-post-thumbnail","hentry","category-noticia","category-cuba","tag-huracan","tag-melissa","tag-miguel-diaz-canel","tag-recuperacion"],"acf":[],"_links":{"self":[{"href":"https:\/\/www.radiosanctispiritus.cu\/es\/wp-json\/wp\/v2\/posts\/56967","targetHints":{"allow":["GET"]}}],"collection":[{"href":"https:\/\/www.radiosanctispiritus.cu\/es\/wp-json\/wp\/v2\/posts"}],"about":[{"href":"https:\/\/www.radiosanctispiritus.cu\/es\/wp-json\/wp\/v2\/types\/post"}],"author":[{"embeddable":true,"href":"https:\/\/www.radiosanctispiritus.cu\/es\/wp-json\/wp\/v2\/users\/26"}],"replies":[{"embeddable":true,"href":"https:\/\/www.radiosanctispiritus.cu\/es\/wp-json\/wp\/v2\/comments?post=56967"}],"version-history":[{"count":1,"href":"https:\/\/www.radiosanctispiritus.cu\/es\/wp-json\/wp\/v2\/posts\/56967\/revisions"}],"predecessor-version":[{"id":56969,"href":"https:\/\/www.radiosanctispiritus.cu\/es\/wp-json\/wp\/v2\/posts\/56967\/revisions\/56969"}],"wp:featuredmedia":[{"embeddable":true,"href":"https:\/\/www.radiosanctispiritus.cu\/es\/wp-json\/wp\/v2\/media\/56968"}],"wp:attachment":[{"href":"https:\/\/www.radiosanctispiritus.cu\/es\/wp-json\/wp\/v2\/media?parent=56967"}],"wp:term":[{"taxonomy":"category","embeddable":true,"href":"https:\/\/www.radiosanctispiritus.cu\/es\/wp-json\/wp\/v2\/categories?post=56967"},{"taxonomy":"post_tag","embeddable":true,"href":"https:\/\/www.radiosanctispiritus.cu\/es\/wp-json\/wp\/v2\/tags?post=56967"},{"taxonomy":"author","embeddable":true,"href":"https:\/\/www.radiosanctispiritus.cu\/es\/wp-json\/wp\/v2\/coauthors?post=56967"}],"curies":[{"name":"wp","href":"https:\/\/api.w.org\/{rel}","templated":true}]}}