{"id":56918,"date":"2025-11-01T08:02:26","date_gmt":"2025-11-01T12:02:26","guid":{"rendered":"https:\/\/www.radiosanctispiritus.cu\/es\/?p=56918"},"modified":"2025-11-01T08:49:32","modified_gmt":"2025-11-01T12:49:32","slug":"vertimientos-ilegales-afectan-higiene-en-sancti-spiritus","status":"publish","type":"post","link":"https:\/\/www.radiosanctispiritus.cu\/es\/vertimientos-ilegales-afectan-higiene-en-sancti-spiritus\/","title":{"rendered":"Vertimientos ilegales afectan higiene en Sancti Sp\u00edritus"},"content":{"rendered":"<p>El vertimiento de residuos en lugares inapropiados se ha convertido en una de las principales amenazas contra la higiene comunal en la provincia de Sancti Sp\u00edritus, donde se recogen diariamente alrededor de 2 500 metros c\u00fabicos de desechos s\u00f3lidos, con mayor concentraci\u00f3n en los municipios de Trinidad, Yaguajay y la cabecera provincial. <\/p>\n<p>Aunque la escasez de combustible limita la recolecci\u00f3n sistem\u00e1tica, Luis Javier Nazco, jefe del Departamento de Comunales del Gobierno provincial, se\u00f1al\u00f3 que la indisciplina social agrava el problema: \u201cDespu\u00e9s de que se recoge la basura, personas inescrupulosas vierten desechos en esos mismos lugares. El trabajo no se ve. Por eso se van a establecer inspectores, y los presidentes de consejos populares y delegados de circunscripci\u00f3n estar\u00e1n atentos a estas conductas. Hacemos un llamado a la responsabilidad ciudadana\u201d. <\/p>\n<p>Nazco tambi\u00e9n se refiri\u00f3 al rol de las mipymes y los trabajadores por cuenta propia (TCP), quienes, seg\u00fan la normativa vigente, deben firmar un contrato con los servicios comunales para la gesti\u00f3n adecuada de sus residuos. \u201cHay experiencias positivas en varios municipios, pero reiteramos el llamado a que estas categor\u00edas colaboren activamente en la limpieza y mantengan un sistema organizado junto a Comunales\u201d. <\/p>\n<p>Otro foco de preocupaci\u00f3n es el aumento de escombros en la periferia urbana, especialmente en zonas de la circunvalaci\u00f3n. \u201cSe ha apreciado mucha cantidad de escombros depositados de forma irracional. Lo establecido es que estos residuos se trasladen al vertedero mediante los canales oficiales\u201d, explic\u00f3 Nazco. <\/p>\n<p>Ante este panorama, el Departamento de Comunales ofrece sus servicios mediante contrato a quienes generen escombros en construcciones o demoliciones. \u201cYa se ha hecho con buenos resultados. Lo que falta es que la poblaci\u00f3n tome conciencia y act\u00fae con responsabilidad para eliminar estos residuos de forma adecuada\u201d. <\/p>\n<p>La soluci\u00f3n, insisti\u00f3 Nazco, no depende solo de la log\u00edstica, sino de un cambio de actitud colectiva frente a la higiene y el cuidado del entorno. <\/p>\n<p><iframe src=\"https:\/\/www.ivoox.com\/player_ej_161661869_6_1.html?c1=7a0d0b\" width=\"100%\" height=\"200\" frameborder=\"0\" allowfullscreen=\"\" scrolling=\"no\" loading=\"lazy\"><\/iframe><\/p>\n","protected":false},"excerpt":{"rendered":"<p>Vertimientos ilegales y falta de conciencia afectan la higiene en Sancti Sp\u00edritus, pese a esfuerzos comunales.<\/p>\n","protected":false},"author":166,"featured_media":54318,"comment_status":"open","ping_status":"open","sticky":false,"template":"","format":"standard","meta":{"_acf_changed":false,"footnotes":""},"categories":[8,9,1],"tags":[943,705],"coauthors":[1901],"class_list":["post-56918","post","type-post","status-publish","format-standard","has-post-thumbnail","hentry","category-noticia","category-en-audio","category-sancti-spiritus","tag-higiene","tag-servicios-comunales"],"acf":[],"_links":{"self":[{"href":"https:\/\/www.radiosanctispiritus.cu\/es\/wp-json\/wp\/v2\/posts\/56918","targetHints":{"allow":["GET"]}}],"collection":[{"href":"https:\/\/www.radiosanctispiritus.cu\/es\/wp-json\/wp\/v2\/posts"}],"about":[{"href":"https:\/\/www.radiosanctispiritus.cu\/es\/wp-json\/wp\/v2\/types\/post"}],"author":[{"embeddable":true,"href":"https:\/\/www.radiosanctispiritus.cu\/es\/wp-json\/wp\/v2\/users\/166"}],"replies":[{"embeddable":true,"href":"https:\/\/www.radiosanctispiritus.cu\/es\/wp-json\/wp\/v2\/comments?post=56918"}],"version-history":[{"count":1,"href":"https:\/\/www.radiosanctispiritus.cu\/es\/wp-json\/wp\/v2\/posts\/56918\/revisions"}],"predecessor-version":[{"id":56919,"href":"https:\/\/www.radiosanctispiritus.cu\/es\/wp-json\/wp\/v2\/posts\/56918\/revisions\/56919"}],"wp:featuredmedia":[{"embeddable":true,"href":"https:\/\/www.radiosanctispiritus.cu\/es\/wp-json\/wp\/v2\/media\/54318"}],"wp:attachment":[{"href":"https:\/\/www.radiosanctispiritus.cu\/es\/wp-json\/wp\/v2\/media?parent=56918"}],"wp:term":[{"taxonomy":"category","embeddable":true,"href":"https:\/\/www.radiosanctispiritus.cu\/es\/wp-json\/wp\/v2\/categories?post=56918"},{"taxonomy":"post_tag","embeddable":true,"href":"https:\/\/www.radiosanctispiritus.cu\/es\/wp-json\/wp\/v2\/tags?post=56918"},{"taxonomy":"author","embeddable":true,"href":"https:\/\/www.radiosanctispiritus.cu\/es\/wp-json\/wp\/v2\/coauthors?post=56918"}],"curies":[{"name":"wp","href":"https:\/\/api.w.org\/{rel}","templated":true}]}}