{"id":56904,"date":"2025-11-01T09:17:05","date_gmt":"2025-11-01T13:17:05","guid":{"rendered":"https:\/\/www.radiosanctispiritus.cu\/es\/?p=56904"},"modified":"2025-11-01T17:08:50","modified_gmt":"2025-11-01T21:08:50","slug":"cuba-fiscalia-imputa-a-alejandro-gil-fernandez-por-diversos-delitos","status":"publish","type":"post","link":"https:\/\/www.radiosanctispiritus.cu\/es\/cuba-fiscalia-imputa-a-alejandro-gil-fernandez-por-diversos-delitos\/","title":{"rendered":"Cuba: Fiscal\u00eda imputa a exministro Alejandro Gil Fern\u00e1ndez por diversos delitos"},"content":{"rendered":"<p>La Fiscal\u00eda General de la Rep\u00fablica, en correspondencia con lo establecido en el Art\u00edculo 156 de la Constituci\u00f3n de la Rep\u00fablica, control\u00f3 la investigaci\u00f3n penal realizada por los \u00f3rganos del Ministerio del Interior contra Alejandro Miguel Gil Fern\u00e1ndez, quien se desempe\u00f1\u00f3 como viceprimer ministro y ministro de Econom\u00eda y Planificaci\u00f3n, y otros imputados.<\/p>\n<p>Concluidas las acciones investigativas, en las que se garantiz\u00f3 el debido proceso, la Fiscal\u00eda, en cumplimiento de su misi\u00f3n, ejerci\u00f3 la acci\u00f3n penal p\u00fablica en representaci\u00f3n del Estado y present\u00f3 las actuaciones al tribunal correspondiente.<\/p>\n<p>Se solicit\u00f3 responsabilidad por los delitos de espionaje, actos en perjuicio de la actividad econ\u00f3mica o de la contrataci\u00f3n, malversaci\u00f3n, cohecho, falsificaci\u00f3n de documentos p\u00fablicos, evasi\u00f3n fiscal, tr\u00e1fico de influencias, lavado de activos, infracci\u00f3n de las normas de protecci\u00f3n de documentos clasificados y sustracci\u00f3n y da\u00f1o de documentos u otros objetos en custodia oficial.<\/p>\n<p>En todos los casos se interes\u00f3 a los imputados sanciones privativas de libertad, en correspondencia con los hechos cometidos.<\/p>\n<p>FISCAL\u00cdA GENERAL DE LA REP\u00daBLICA<\/p>\n<p>31 de octubre de 2025<\/p>\n","protected":false},"excerpt":{"rendered":"<p>La Fiscal\u00eda General de la Rep\u00fablica control\u00f3 la investigaci\u00f3n penal realizada por los \u00f3rganos del Ministerio del Interior contra Alejandro Miguel Gil Fern\u00e1ndez, quien se desempe\u00f1\u00f3 como viceprimer ministro y ministro de Econom\u00eda y Planificaci\u00f3n, y otros imputados.<\/p>\n","protected":false},"author":26,"featured_media":56905,"comment_status":"open","ping_status":"open","sticky":false,"template":"","format":"standard","meta":{"_acf_changed":false,"footnotes":""},"categories":[8,3],"tags":[230,864,863,462],"coauthors":[1887],"class_list":["post-56904","post","type-post","status-publish","format-standard","has-post-thumbnail","hentry","category-noticia","category-cuba","tag-alejandro-gil","tag-corrupcion","tag-delito","tag-fiscalia"],"acf":[],"_links":{"self":[{"href":"https:\/\/www.radiosanctispiritus.cu\/es\/wp-json\/wp\/v2\/posts\/56904","targetHints":{"allow":["GET"]}}],"collection":[{"href":"https:\/\/www.radiosanctispiritus.cu\/es\/wp-json\/wp\/v2\/posts"}],"about":[{"href":"https:\/\/www.radiosanctispiritus.cu\/es\/wp-json\/wp\/v2\/types\/post"}],"author":[{"embeddable":true,"href":"https:\/\/www.radiosanctispiritus.cu\/es\/wp-json\/wp\/v2\/users\/26"}],"replies":[{"embeddable":true,"href":"https:\/\/www.radiosanctispiritus.cu\/es\/wp-json\/wp\/v2\/comments?post=56904"}],"version-history":[{"count":2,"href":"https:\/\/www.radiosanctispiritus.cu\/es\/wp-json\/wp\/v2\/posts\/56904\/revisions"}],"predecessor-version":[{"id":56907,"href":"https:\/\/www.radiosanctispiritus.cu\/es\/wp-json\/wp\/v2\/posts\/56904\/revisions\/56907"}],"wp:featuredmedia":[{"embeddable":true,"href":"https:\/\/www.radiosanctispiritus.cu\/es\/wp-json\/wp\/v2\/media\/56905"}],"wp:attachment":[{"href":"https:\/\/www.radiosanctispiritus.cu\/es\/wp-json\/wp\/v2\/media?parent=56904"}],"wp:term":[{"taxonomy":"category","embeddable":true,"href":"https:\/\/www.radiosanctispiritus.cu\/es\/wp-json\/wp\/v2\/categories?post=56904"},{"taxonomy":"post_tag","embeddable":true,"href":"https:\/\/www.radiosanctispiritus.cu\/es\/wp-json\/wp\/v2\/tags?post=56904"},{"taxonomy":"author","embeddable":true,"href":"https:\/\/www.radiosanctispiritus.cu\/es\/wp-json\/wp\/v2\/coauthors?post=56904"}],"curies":[{"name":"wp","href":"https:\/\/api.w.org\/{rel}","templated":true}]}}