{"id":56899,"date":"2025-11-01T10:44:12","date_gmt":"2025-11-01T14:44:12","guid":{"rendered":"https:\/\/www.radiosanctispiritus.cu\/es\/?p=56899"},"modified":"2025-11-01T14:19:07","modified_gmt":"2025-11-01T18:19:07","slug":"serie-nacional-de-beisbol-vuelve-a-partir-del-martes","status":"publish","type":"post","link":"https:\/\/www.radiosanctispiritus.cu\/es\/serie-nacional-de-beisbol-vuelve-a-partir-del-martes\/","title":{"rendered":"Serie Nacional de B\u00e9isbol vuelve a partir del martes"},"content":{"rendered":"<p style=\"text-align: left;\">La 64 Serie Nacional de B\u00e9isbol se reanudar\u00e1 el martes pr\u00f3ximo, anunciaron este viernes sus organizadores en nota que igualmente anuncia la no celebraci\u00f3n del Juego de las Estrellas.<\/p>\n<p>Por su importancia, publicamos la nota \u00edntegramente.<\/p>\n<p>Informaci\u00f3n de la Comisi\u00f3n Nacional de B\u00e9isbol<\/p>\n<p>Tras la posposici\u00f3n ocasionada por el paso del hurac\u00e1n Melissa, la 64 Serie Nacional de B\u00e9isbol se reanudar\u00e1n el pr\u00f3ximo martes 4 de noviembre.<\/p>\n<p>Como se observar\u00e1, el calendario ha sido reordenado para evitar acciones iniciales en las provincias de Granma, Santiago de Cuba y Guant\u00e1namo.<\/p>\n<p>De tal forma, se adelantar\u00e1 la subserie n\u00famero 11, se disputar\u00e1 despu\u00e9s la 12, y a continuaci\u00f3n se retomar\u00e1 la 10.<\/p>\n<p>En cuanto al Juego de las Estrellas, asignado a Holgu\u00edn, la decisi\u00f3n es no celebrarlo, a fin de priorizar la recuperaci\u00f3n del calendario regular y no someter a la provincia a exigencias de ese tipo en medio de las actuales condiciones.<\/p>\n<p>Aprovechamos para reconocer el entusiasmo con que sus autoridades abrazaron la designaci\u00f3n de ese territorio, a tono con las razones que la sustentaron.<\/p>\n<p>Igualmente nos complace hacer p\u00fablica la satisfacci\u00f3n que generan las muchas manifestaciones de solidaridad con que la familia de nuestro deporte ha respondido a la situaci\u00f3n originada por el hurac\u00e1n.<\/p>\n<p>A continuaci\u00f3n, los partidos de las tres subseries reprogramadas (Siempre el primer equipo como local):<\/p>\n<p>Subserie 11 (4-9 noviembre): Artemisa-Holgu\u00edn, Industriales-Camag\u00fcey, Mayabeque-Granma, Cienfuegos-Guant\u00e1namo, Villa Clara-Pinar del R\u00edo, Sancti Sp\u00edritus-Santiago de Cuba, Ciego de \u00c1vila-Isla de la Juventud, Las Tunas-Matanzas.<\/p>\n<p>Subserie 12 (11-16 noviembre): Pinar del R\u00edo-Guant\u00e1namo, Villa Clara-Mayabeque, Artemisa-Santiago de Cuba, Ciego de \u00c1vila-Cienfuegos, Isla de la Juventud-Granma, Camag\u00fcey-Sancti Sp\u00edritus, Industriales-Las Tunas, Holgu\u00edn-Matanzas.<\/p>\n<p>Subserie 10 (18-23 noviembre): Pinar del R\u00edo-Mayabeque, Camag\u00fcey-Las Tunas, Artemisa-Sancti Sp\u00edritus, Granma-Ciego de \u00c1vila, Isla de la Juventud-Cienfuegos, Santiago de Cuba-Holgu\u00edn, Matanzas-Industriales, Guant\u00e1namo-Villa Clara.<\/p>\n<p>La Habana, 31 de octubre de 2025<\/p>\n<p>A\u00f1o 67 de la Revoluci\u00f3n<\/p>\n<p>(Tomado de JIT)<\/p>\n","protected":false},"excerpt":{"rendered":"<p>El calendario ha sido reordenado para evitar acciones iniciales en las provincias de Granma, Santiago de Cuba y Guant\u00e1namo. Los Gallos recibir\u00e1n a las Avispas en el Huelga.<\/p>\n","protected":false},"author":26,"featured_media":56884,"comment_status":"open","ping_status":"open","sticky":false,"template":"","format":"standard","meta":{"_acf_changed":false,"footnotes":""},"categories":[8,7],"tags":[726,2011,735,1124],"coauthors":[1887],"class_list":["post-56899","post","type-post","status-publish","format-standard","has-post-thumbnail","hentry","category-noticia","category-deporte","tag-beisbol-cubano","tag-beisbol-serie-64","tag-gallos","tag-serie-nacional-de-beisbol"],"acf":[],"_links":{"self":[{"href":"https:\/\/www.radiosanctispiritus.cu\/es\/wp-json\/wp\/v2\/posts\/56899","targetHints":{"allow":["GET"]}}],"collection":[{"href":"https:\/\/www.radiosanctispiritus.cu\/es\/wp-json\/wp\/v2\/posts"}],"about":[{"href":"https:\/\/www.radiosanctispiritus.cu\/es\/wp-json\/wp\/v2\/types\/post"}],"author":[{"embeddable":true,"href":"https:\/\/www.radiosanctispiritus.cu\/es\/wp-json\/wp\/v2\/users\/26"}],"replies":[{"embeddable":true,"href":"https:\/\/www.radiosanctispiritus.cu\/es\/wp-json\/wp\/v2\/comments?post=56899"}],"version-history":[{"count":4,"href":"https:\/\/www.radiosanctispiritus.cu\/es\/wp-json\/wp\/v2\/posts\/56899\/revisions"}],"predecessor-version":[{"id":56902,"href":"https:\/\/www.radiosanctispiritus.cu\/es\/wp-json\/wp\/v2\/posts\/56899\/revisions\/56902"}],"wp:featuredmedia":[{"embeddable":true,"href":"https:\/\/www.radiosanctispiritus.cu\/es\/wp-json\/wp\/v2\/media\/56884"}],"wp:attachment":[{"href":"https:\/\/www.radiosanctispiritus.cu\/es\/wp-json\/wp\/v2\/media?parent=56899"}],"wp:term":[{"taxonomy":"category","embeddable":true,"href":"https:\/\/www.radiosanctispiritus.cu\/es\/wp-json\/wp\/v2\/categories?post=56899"},{"taxonomy":"post_tag","embeddable":true,"href":"https:\/\/www.radiosanctispiritus.cu\/es\/wp-json\/wp\/v2\/tags?post=56899"},{"taxonomy":"author","embeddable":true,"href":"https:\/\/www.radiosanctispiritus.cu\/es\/wp-json\/wp\/v2\/coauthors?post=56899"}],"curies":[{"name":"wp","href":"https:\/\/api.w.org\/{rel}","templated":true}]}}