{"id":56872,"date":"2025-10-31T09:58:56","date_gmt":"2025-10-31T13:58:56","guid":{"rendered":"https:\/\/www.radiosanctispiritus.cu\/es\/?p=56872"},"modified":"2025-10-31T09:58:56","modified_gmt":"2025-10-31T13:58:56","slug":"cuba-por-restaurar-servicios-interrumpidos-por-melissa-en-las-provincias-orientales","status":"publish","type":"post","link":"https:\/\/www.radiosanctispiritus.cu\/es\/cuba-por-restaurar-servicios-interrumpidos-por-melissa-en-las-provincias-orientales\/","title":{"rendered":"Cuba por restaurar servicios interrumpidos por Melissa en las provincias orientales"},"content":{"rendered":"<p>El presidente de Cuba, Miguel D\u00edaz-Canel, ratific\u00f3 la disposici\u00f3n del gobierno de llegar a todas las comunidades afectadas por el fuerte hurac\u00e1n Melissa y recuperar tan pronto sea posible los servicios b\u00e1sicos afectados.<\/p>\n<p>En la madrugada de este viernes, el jefe de Estado inform\u00f3 en la red social X que junto a un equipo presidencial revis\u00f3 \u00abin situ los golpes de Melissa, y asegur\u00f3 que no existen \u00bb ni muertos ni desaparecidos, hasta ahora\u00bb, escribi\u00f3 en la red social X.<\/p>\n<p>Diaz- Canel asever\u00f3 asimismo que las afectaciones fueron \u00abm\u00ednimas en parques fotovoltaicos. Inundaciones y \u00e1rboles derribados mantienen zonas incomunicadas. Se llegar\u00e1 a todas. Prioritario recuperar electricidad y comunicaciones\u00bb.<\/p>\n<p>Este viernes las autoridades cubanas intensifican las labores de recuperaci\u00f3n en las provincias orientales afectadas por el hurac\u00e1n Melissa, que toc\u00f3 tierra con vientos m\u00e1ximos sostenidos de 205 kil\u00f3metros por hora y categor\u00eda tres en la escala Saffir-Simpson<\/p>\n<p>Como saldo preliminar de las intensas precipitaciones y los fuertes vientos del evento cicl\u00f3nico, se reportan inundaciones, da\u00f1os en viviendas, redes el\u00e9ctricas y v\u00edas de comunicaci\u00f3n en los territorios de Santiago de Cuba, Granma, Guant\u00e1namo, Holgu\u00edn y Las Tunas.<\/p>\n","protected":false},"excerpt":{"rendered":"<p>El presidente de Cuba, Miguel D\u00edaz-Canel, ratific\u00f3 la disposici\u00f3n del gobierno de llegar a todas las comunidades afectadas por el fuerte hurac\u00e1n Melissa y recuperar tan pronto sea posible los servicios b\u00e1sicos afectados.<\/p>\n","protected":false},"author":22,"featured_media":56873,"comment_status":"open","ping_status":"open","sticky":false,"template":"","format":"standard","meta":{"_acf_changed":false,"footnotes":""},"categories":[8,3],"tags":[368,2089,28,195],"coauthors":[1882],"class_list":["post-56872","post","type-post","status-publish","format-standard","has-post-thumbnail","hentry","category-noticia","category-cuba","tag-huracan","tag-melissa","tag-miguel-diaz-canel","tag-recuperacion"],"acf":[],"_links":{"self":[{"href":"https:\/\/www.radiosanctispiritus.cu\/es\/wp-json\/wp\/v2\/posts\/56872","targetHints":{"allow":["GET"]}}],"collection":[{"href":"https:\/\/www.radiosanctispiritus.cu\/es\/wp-json\/wp\/v2\/posts"}],"about":[{"href":"https:\/\/www.radiosanctispiritus.cu\/es\/wp-json\/wp\/v2\/types\/post"}],"author":[{"embeddable":true,"href":"https:\/\/www.radiosanctispiritus.cu\/es\/wp-json\/wp\/v2\/users\/22"}],"replies":[{"embeddable":true,"href":"https:\/\/www.radiosanctispiritus.cu\/es\/wp-json\/wp\/v2\/comments?post=56872"}],"version-history":[{"count":2,"href":"https:\/\/www.radiosanctispiritus.cu\/es\/wp-json\/wp\/v2\/posts\/56872\/revisions"}],"predecessor-version":[{"id":56875,"href":"https:\/\/www.radiosanctispiritus.cu\/es\/wp-json\/wp\/v2\/posts\/56872\/revisions\/56875"}],"wp:featuredmedia":[{"embeddable":true,"href":"https:\/\/www.radiosanctispiritus.cu\/es\/wp-json\/wp\/v2\/media\/56873"}],"wp:attachment":[{"href":"https:\/\/www.radiosanctispiritus.cu\/es\/wp-json\/wp\/v2\/media?parent=56872"}],"wp:term":[{"taxonomy":"category","embeddable":true,"href":"https:\/\/www.radiosanctispiritus.cu\/es\/wp-json\/wp\/v2\/categories?post=56872"},{"taxonomy":"post_tag","embeddable":true,"href":"https:\/\/www.radiosanctispiritus.cu\/es\/wp-json\/wp\/v2\/tags?post=56872"},{"taxonomy":"author","embeddable":true,"href":"https:\/\/www.radiosanctispiritus.cu\/es\/wp-json\/wp\/v2\/coauthors?post=56872"}],"curies":[{"name":"wp","href":"https:\/\/api.w.org\/{rel}","templated":true}]}}