{"id":56863,"date":"2025-10-31T08:43:20","date_gmt":"2025-10-31T12:43:20","guid":{"rendered":"https:\/\/www.radiosanctispiritus.cu\/es\/?p=56863"},"modified":"2025-10-31T08:43:20","modified_gmt":"2025-10-31T12:43:20","slug":"silvio-rodriguez-volvera-a-deleitar-al-publico-colombiano-en-medellin","status":"publish","type":"post","link":"https:\/\/www.radiosanctispiritus.cu\/es\/silvio-rodriguez-volvera-a-deleitar-al-publico-colombiano-en-medellin\/","title":{"rendered":"Silvio Rodr\u00edguez volver\u00e1 a deleitar al p\u00fablico colombiano en Medell\u00edn"},"content":{"rendered":"<div class=\"body-noticia col-md-12 col-sm-12 col-xs-12\">\n<div class=\"field field-name-body field-type-text-with-summary field-label-hidden\">\n<div class=\"field-items\">\n<div class=\"field-item even\">\n<p>El \u00edcono de la nueva trova cubana, el cantautor Silvio Rodr\u00edguez, dar\u00e1 hoy aqu\u00ed el pen\u00faltimo concierto de su gira por Latinoam\u00e9rica, que ya lo llev\u00f3 a escenarios de Chile, Argentina, Uruguay y Per\u00fa.<\/p>\n<p>El bardo regresa a la ciudad del noroeste del Colombia 15 a\u00f1os despu\u00e9s de su \u00faltima presentaci\u00f3n, que aconteci\u00f3 durante la celebraci\u00f3n del Congreso Iberoamericano de Cultura.<\/p>\n<p>Con una boleter\u00eda completamente agotada pocas horas despu\u00e9s de que se pusieran a la venta, la cita ser\u00e1 en esta ocasi\u00f3n en el Estadio Polideportivo de Envigado con capacidad para 11 mil personas.<\/p>\n<p>Los amantes de su m\u00fasica esperan poder corear canciones ya antol\u00f3gicas como \u201cAla de Colibr\u00ed\u201d, \u201cSue\u00f1o con serpientes\u201d, \u201c\u00d3leo de mujer con sombrero\u201d, \u201cOjal\u00e1\u201d, \u201cEva\u201d, \u201cCanci\u00f3n del elegido\u201d, \u201cTe amar\u00e9\u201d, La era est\u00e1 pariendo un coraz\u00f3n\u201d, \u201c\u00c1ngel para un final\u201d, \u201cEl necio\u201d, \u201cHistoria de las sillas\u201d y \u201cRabo de nube\u201d.<\/p>\n<p>A juzgar por sus presentaciones anteriores, interpretar\u00e1 otras piezas recientes pertenecientes a su disco \u201cQuer\u00eda saber\u201d, entre estas \u201cViene la cosa\u201d y \u201cNuestro despu\u00e9s\u201d.<\/p>\n<p>Esa \u00faltima producci\u00f3n discogr\u00e1fica, que es su vigesimoprimer \u00e1lbum de estudio, est\u00e1 compuesta por 11 canciones y fue publicada el 7 de junio \u00faltimo.<\/p>\n<p>En marzo del pasado a\u00f1o, el entonces ministro de las Culturas, las Artes y los Saberes de Colombia, Juan David Correa, le pidi\u00f3 al trovador volver a la naci\u00f3n sudamericana y ofrecer un concierto.<\/p>\n<p>\u201cMillones de colombianos crecimos con sus canciones como usted lo ha podido atestiguar a trav\u00e9s de sus visitas a nuestro pa\u00eds. Hoy quisiera pedirle, a t\u00edtulo personal, ciudadano e institucional, y en nombre del se\u00f1or presidente, que nos acompa\u00f1e una vez m\u00e1s, que nos permita o\u00edr su voz en un concierto que podemos organizar all\u00ed donde usted lo considere (\u2026)\u201d, apuntaba una misiva dirigida a Rodr\u00edguez.<\/p>\n<p>Despu\u00e9s de su concierto en Medell\u00edn, el compositor se trasladar\u00e1 a la ciudad de Cali, donde dar\u00e1 la \u00faltima presentaci\u00f3n de su gira el domingo 2 en la Arena Ca\u00f1averalejo, con capacidad para m\u00e1s de 15 mil personas.<\/p>\n<p><em><strong>Tomado de <a href=\"https:\/\/www.cubasi.cu\/es\/noticia\/silvio-rodriguez-volvera-deleitar-al-publico-colombiano-en-medellin\" target=\"_blank\" rel=\"noopener noreferrer nofollow\">CubaS\u00ed<\/a><\/strong><\/em><\/p>\n<\/div>\n<\/div>\n<\/div>\n<\/div>\n","protected":false},"excerpt":{"rendered":"<p>El \u00edcono de la nueva trova cubana, el cantautor Silvio Rodr\u00edguez, dar\u00e1 hoy aqu\u00ed el pen\u00faltimo concierto de su gira por Latinoam\u00e9rica, que ya lo llev\u00f3 a escenarios de Chile, Argentina, Uruguay y Per\u00fa.<\/p>\n","protected":false},"author":4,"featured_media":15357,"comment_status":"open","ping_status":"open","sticky":false,"template":"","format":"standard","meta":{"_acf_changed":false,"footnotes":""},"categories":[8,3,6,4],"tags":[265,952],"coauthors":[1883],"class_list":["post-56863","post","type-post","status-publish","format-standard","has-post-thumbnail","hentry","category-noticia","category-cuba","category-cultura","category-internacionales","tag-cultura-cubana","tag-silvio-rodriguez"],"acf":[],"_links":{"self":[{"href":"https:\/\/www.radiosanctispiritus.cu\/es\/wp-json\/wp\/v2\/posts\/56863","targetHints":{"allow":["GET"]}}],"collection":[{"href":"https:\/\/www.radiosanctispiritus.cu\/es\/wp-json\/wp\/v2\/posts"}],"about":[{"href":"https:\/\/www.radiosanctispiritus.cu\/es\/wp-json\/wp\/v2\/types\/post"}],"author":[{"embeddable":true,"href":"https:\/\/www.radiosanctispiritus.cu\/es\/wp-json\/wp\/v2\/users\/4"}],"replies":[{"embeddable":true,"href":"https:\/\/www.radiosanctispiritus.cu\/es\/wp-json\/wp\/v2\/comments?post=56863"}],"version-history":[{"count":2,"href":"https:\/\/www.radiosanctispiritus.cu\/es\/wp-json\/wp\/v2\/posts\/56863\/revisions"}],"predecessor-version":[{"id":56865,"href":"https:\/\/www.radiosanctispiritus.cu\/es\/wp-json\/wp\/v2\/posts\/56863\/revisions\/56865"}],"wp:featuredmedia":[{"embeddable":true,"href":"https:\/\/www.radiosanctispiritus.cu\/es\/wp-json\/wp\/v2\/media\/15357"}],"wp:attachment":[{"href":"https:\/\/www.radiosanctispiritus.cu\/es\/wp-json\/wp\/v2\/media?parent=56863"}],"wp:term":[{"taxonomy":"category","embeddable":true,"href":"https:\/\/www.radiosanctispiritus.cu\/es\/wp-json\/wp\/v2\/categories?post=56863"},{"taxonomy":"post_tag","embeddable":true,"href":"https:\/\/www.radiosanctispiritus.cu\/es\/wp-json\/wp\/v2\/tags?post=56863"},{"taxonomy":"author","embeddable":true,"href":"https:\/\/www.radiosanctispiritus.cu\/es\/wp-json\/wp\/v2\/coauthors?post=56863"}],"curies":[{"name":"wp","href":"https:\/\/api.w.org\/{rel}","templated":true}]}}