{"id":56823,"date":"2025-10-30T21:54:00","date_gmt":"2025-10-31T01:54:00","guid":{"rendered":"https:\/\/www.radiosanctispiritus.cu\/es\/?p=56823"},"modified":"2025-10-30T22:23:56","modified_gmt":"2025-10-31T02:23:56","slug":"recorre-diaz-canel-areas-danadas-por-huracan-melissa-en-granma","status":"publish","type":"post","link":"https:\/\/www.radiosanctispiritus.cu\/es\/recorre-diaz-canel-areas-danadas-por-huracan-melissa-en-granma\/","title":{"rendered":"Recorre D\u00edaz-Canel \u00e1reas da\u00f1adas por hurac\u00e1n Melissa en Granma"},"content":{"rendered":"<p>Miguel D\u00edaz-Canel Berm\u00fadez, Primer Secretario del Comit\u00e9 Central del Partido Comunista de Cuba y Presidente de la Rep\u00fablica, recorri\u00f3 este jueves el municipio de Jiguan\u00ed, uno de los territorios de la provincia de Granma que report\u00f3 los mayores da\u00f1os tras el paso devastador del hurac\u00e1n Melissa por el oriente de Cuba.<\/p>\n<p>El Presidente del Consejo de Defensa Nacional constat\u00f3 de primera mano las afectaciones en esta localidad, donde las intensas lluvias asociadas al cicl\u00f3n provocaron el desbordamiento del r\u00edo e inundaciones de gran magnitud, superiores a las registradas en junio de 2023, seg\u00fan hab\u00edan informado previamente las autoridades provinciales, inform\u00f3 CMKX Radio Bayamo en su cuenta en la red social Facebook.<\/p>\n<p>El Jefe de Estado convers\u00f3 con jiguaniceros cuyos hogares fueron invadidos por las aguas del desbordado r\u00edo Jiguan\u00ed durante la madrugada del mi\u00e9rcoles.<\/p>\n<p>En el intercambio, se conoci\u00f3 que, gracias a las medidas preventivas y la evacuaci\u00f3n oportuna, no hubo que lamentar p\u00e9rdidas de vidas humanas, lo que constituye el principal resultado del operativo desplegado en el territorio.<\/p>\n<p>Posteriormente, la m\u00e1xima direcci\u00f3n del pa\u00eds visit\u00f3 la Empresa Filial de Tabaco Torcido de Jiguan\u00ed, seriamente afectada por el evento meteorol\u00f3gico.<\/p>\n<p>D\u00edaz-Canel intercambi\u00f3 con los trabajadores de la entidad y se interes\u00f3 de primera mano por la magnitud de los da\u00f1os ocasionados, lo cual impacta una de las actividades econ\u00f3micas fundamentales de la localidad.<\/p>\n<p>El recorrido por la capital provincial permiti\u00f3 apreciar la furia de Melissa en el emblem\u00e1tico complejo recreativo El Chapuz\u00f3n, destac\u00f3 el semanario provincial La Demajagua.<\/p>\n<p>En el lugar, Yudelkis Ortiz Barcel\u00f3, presidenta del Consejo de Defensa en Granma, explic\u00f3 que las aguas del r\u00edo Bayamo se salieron de su cauce con una fuerza inusual, sobrepasando la altura de grandes \u00e1rboles y de todas las construcciones del lugar, llegando hasta las inmediaciones del seminternado Carlos Manuel de C\u00e9spedes.<\/p>\n<p>La vicepresidenta de Gobierno, Yanetsy Terry Guti\u00e9rrez, junto a autoridades locales, detall\u00f3 las acciones realizadas ante la inminencia del hurac\u00e1n.<\/p>\n<p>Frente a este panorama, el Presidente D\u00edaz-Canel subray\u00f3 la importancia de que las personas act\u00faen con responsabilidad ante situaciones de riesgo y, mirando hacia el futuro, hizo un llamado a protagonizar ahora un hurac\u00e1n de recuperaci\u00f3n.<\/p>\n<p>Acompa\u00f1aron al mandatario cubano, Roberto Morales Ojeda, miembro del Bur\u00f3 Pol\u00edtico y secretario de Organizaci\u00f3n del Comit\u00e9 Central del Partido Comunista de Cuba, as\u00ed como varios titulares de ministerios claves para la etapa de recuperaci\u00f3n que se avecina.<\/p>\n<p>Este recorrido por Jiguan\u00ed forma parte de la inspecci\u00f3n que realiza la m\u00e1xima direcci\u00f3n del pa\u00eds por las provincias orientales m\u00e1s golpeadas por el hurac\u00e1n Melissa, con el objetivo de evaluar de manera directa los da\u00f1os y coordinar sobre el terreno las acciones que aceleren la recuperaci\u00f3n y la ayuda a las familias afectadas.<\/p>\n","protected":false},"excerpt":{"rendered":"<p>El presidente cubano subray\u00f3 la importancia de que las personas act\u00faen con responsabilidad ante situaciones de riesgo y, mirando hacia el futuro, hizo un llamado a protagonizar ahora un hurac\u00e1n de recuperaci\u00f3n.<\/p>\n","protected":false},"author":123,"featured_media":56824,"comment_status":"open","ping_status":"open","sticky":false,"template":"","format":"standard","meta":{"_acf_changed":false,"footnotes":""},"categories":[8,3],"tags":[368,28,195],"coauthors":[1895],"class_list":["post-56823","post","type-post","status-publish","format-standard","has-post-thumbnail","hentry","category-noticia","category-cuba","tag-huracan","tag-miguel-diaz-canel","tag-recuperacion"],"acf":[],"_links":{"self":[{"href":"https:\/\/www.radiosanctispiritus.cu\/es\/wp-json\/wp\/v2\/posts\/56823","targetHints":{"allow":["GET"]}}],"collection":[{"href":"https:\/\/www.radiosanctispiritus.cu\/es\/wp-json\/wp\/v2\/posts"}],"about":[{"href":"https:\/\/www.radiosanctispiritus.cu\/es\/wp-json\/wp\/v2\/types\/post"}],"author":[{"embeddable":true,"href":"https:\/\/www.radiosanctispiritus.cu\/es\/wp-json\/wp\/v2\/users\/123"}],"replies":[{"embeddable":true,"href":"https:\/\/www.radiosanctispiritus.cu\/es\/wp-json\/wp\/v2\/comments?post=56823"}],"version-history":[{"count":1,"href":"https:\/\/www.radiosanctispiritus.cu\/es\/wp-json\/wp\/v2\/posts\/56823\/revisions"}],"predecessor-version":[{"id":56825,"href":"https:\/\/www.radiosanctispiritus.cu\/es\/wp-json\/wp\/v2\/posts\/56823\/revisions\/56825"}],"wp:featuredmedia":[{"embeddable":true,"href":"https:\/\/www.radiosanctispiritus.cu\/es\/wp-json\/wp\/v2\/media\/56824"}],"wp:attachment":[{"href":"https:\/\/www.radiosanctispiritus.cu\/es\/wp-json\/wp\/v2\/media?parent=56823"}],"wp:term":[{"taxonomy":"category","embeddable":true,"href":"https:\/\/www.radiosanctispiritus.cu\/es\/wp-json\/wp\/v2\/categories?post=56823"},{"taxonomy":"post_tag","embeddable":true,"href":"https:\/\/www.radiosanctispiritus.cu\/es\/wp-json\/wp\/v2\/tags?post=56823"},{"taxonomy":"author","embeddable":true,"href":"https:\/\/www.radiosanctispiritus.cu\/es\/wp-json\/wp\/v2\/coauthors?post=56823"}],"curies":[{"name":"wp","href":"https:\/\/api.w.org\/{rel}","templated":true}]}}