{"id":56821,"date":"2025-10-30T22:13:19","date_gmt":"2025-10-31T02:13:19","guid":{"rendered":"https:\/\/www.radiosanctispiritus.cu\/es\/?p=56821"},"modified":"2025-10-30T22:23:52","modified_gmt":"2025-10-31T02:23:52","slug":"petroleros-de-cabaiguan-se-alistan-para-apoyar-recuperacion-de-refineria-santiaguera","status":"publish","type":"post","link":"https:\/\/www.radiosanctispiritus.cu\/es\/petroleros-de-cabaiguan-se-alistan-para-apoyar-recuperacion-de-refineria-santiaguera\/","title":{"rendered":"Petroleros de Cabaigu\u00e1n se alistan para apoyar recuperaci\u00f3n de refiner\u00eda santiaguera"},"content":{"rendered":"<p>Los petroleros cabaiguanenses se sumaron al llamado del Consejo de dDfensa Nacional, a extremar las medidas de protecci\u00f3n previo al paso de hurac\u00e1n. Melissa y ahora se preparan para apoyar la recuperaci\u00f3n en las provincias orientales, sobre todo en la recibida de petr\u00f3leo, hermanos D\u00edaz de Santiago de Cuba, al respecto, ofreci\u00f3 declaraciones Mijail Bonachea Crespo, director general de esa empresa. <\/p>\n<p><iframe src=\"https:\/\/www.ivoox.com\/player_ej_161609831_6_1.html\" width=\"100%\" height=\"200\" frameborder=\"0\" allowfullscreen=\"\" scrolling=\"no\" loading=\"lazy\"><\/iframe><\/p>\n","protected":false},"excerpt":{"rendered":"<p>Trabajadores de la Refiner\u00eda de Petr\u00f3leo Sergio Soto de Cabaigu\u00e1n se alistan para brindar su apoyo a la Refiner\u00eda Hermanos D\u00edaz de Santiago de Cuba<\/p>\n","protected":false},"author":176,"featured_media":39653,"comment_status":"open","ping_status":"open","sticky":false,"template":"","format":"standard","meta":{"_acf_changed":false,"footnotes":""},"categories":[16,9,8],"tags":[133,609,739],"coauthors":[1918],"class_list":["post-56821","post","type-post","status-publish","format-standard","has-post-thumbnail","hentry","category-economia","category-en-audio","category-noticia","tag-cabaiguan","tag-refineria-cabaiguan","tag-santiago-de-cuba"],"acf":[],"_links":{"self":[{"href":"https:\/\/www.radiosanctispiritus.cu\/es\/wp-json\/wp\/v2\/posts\/56821","targetHints":{"allow":["GET"]}}],"collection":[{"href":"https:\/\/www.radiosanctispiritus.cu\/es\/wp-json\/wp\/v2\/posts"}],"about":[{"href":"https:\/\/www.radiosanctispiritus.cu\/es\/wp-json\/wp\/v2\/types\/post"}],"author":[{"embeddable":true,"href":"https:\/\/www.radiosanctispiritus.cu\/es\/wp-json\/wp\/v2\/users\/176"}],"replies":[{"embeddable":true,"href":"https:\/\/www.radiosanctispiritus.cu\/es\/wp-json\/wp\/v2\/comments?post=56821"}],"version-history":[{"count":1,"href":"https:\/\/www.radiosanctispiritus.cu\/es\/wp-json\/wp\/v2\/posts\/56821\/revisions"}],"predecessor-version":[{"id":56837,"href":"https:\/\/www.radiosanctispiritus.cu\/es\/wp-json\/wp\/v2\/posts\/56821\/revisions\/56837"}],"wp:featuredmedia":[{"embeddable":true,"href":"https:\/\/www.radiosanctispiritus.cu\/es\/wp-json\/wp\/v2\/media\/39653"}],"wp:attachment":[{"href":"https:\/\/www.radiosanctispiritus.cu\/es\/wp-json\/wp\/v2\/media?parent=56821"}],"wp:term":[{"taxonomy":"category","embeddable":true,"href":"https:\/\/www.radiosanctispiritus.cu\/es\/wp-json\/wp\/v2\/categories?post=56821"},{"taxonomy":"post_tag","embeddable":true,"href":"https:\/\/www.radiosanctispiritus.cu\/es\/wp-json\/wp\/v2\/tags?post=56821"},{"taxonomy":"author","embeddable":true,"href":"https:\/\/www.radiosanctispiritus.cu\/es\/wp-json\/wp\/v2\/coauthors?post=56821"}],"curies":[{"name":"wp","href":"https:\/\/api.w.org\/{rel}","templated":true}]}}