{"id":56782,"date":"2025-10-30T09:13:46","date_gmt":"2025-10-30T13:13:46","guid":{"rendered":"https:\/\/www.radiosanctispiritus.cu\/es\/?p=56782"},"modified":"2025-10-30T09:13:46","modified_gmt":"2025-10-30T13:13:46","slug":"transportacion-cabaiguan-lista-para-apoyar-a-provincias-afectadas-por-melissa","status":"publish","type":"post","link":"https:\/\/www.radiosanctispiritus.cu\/es\/transportacion-cabaiguan-lista-para-apoyar-a-provincias-afectadas-por-melissa\/","title":{"rendered":"Transportaci\u00f3n Cabaigu\u00e1n lista para apoyar a provincias afectadas por Melissa"},"content":{"rendered":"<p>La Unidad Empresarial de Base de Transportaci\u00f3n Cabaigu\u00e1n ha activado sus recursos humanos y materiales para brindar apoyo a las provincias orientales del pa\u00eds afectadas por el paso del hurac\u00e1n Melissa.   <\/p>\n<p>Seg\u00fan inform\u00f3 Eduardo Sosa Mart\u00ednez, jefe de tr\u00e1fico de la entidad, los veh\u00edculos con matr\u00edculas 5530 y 1328 ya se encuentran estacionados y listos para partir apenas reciban las instrucciones oficiales sobre las tareas espec\u00edficas a desarrollar en los territorios impactados.   <\/p>\n<p>Adem\u00e1s, otros medios de transporte se preparan en la empresa para intervenir, de ser necesario, en la distribuci\u00f3n de gas licuado del petr\u00f3leo y combustibles hacia las zonas m\u00e1s afectadas, garantizando as\u00ed el abastecimiento esencial en medio de la emergencia.   <\/p>\n<p>Sosa Mart\u00ednez destac\u00f3 que, paralelamente, en la provincia de Sancti Sp\u00edritus se cumple rigurosamente con las disposiciones del Consejo de Defensa Provincial, priorizando el apoyo log\u00edstico a instituciones vitales como hogares de ancianos y otros centros de atenci\u00f3n social.   <\/p>\n<p>Con esta movilizaci\u00f3n, la Unidad Empresarial de Base Transportaci\u00f3n Cabaigu\u00e1n refuerza su compromiso con la solidaridad interterritorial y la respuesta r\u00e1pida ante desastres naturales, en coordinaci\u00f3n con las autoridades nacionales y provinciales. <\/p>\n<p><iframe src=\"https:\/\/www.ivoox.com\/player_ej_161546711_6_1.html?c1=7a0d0b\" width=\"100%\" height=\"200\" frameborder=\"0\" allowfullscreen=\"\" scrolling=\"no\" loading=\"lazy\"><\/iframe><\/p>\n","protected":false},"excerpt":{"rendered":"<p>La Unidad Empresarial de Base de Transportaci\u00f3n Cabaigu\u00e1n ha activado sus recursos humanos y materiales para brindar apoyo a las provincias orientales del pa\u00eds afectadas por el paso del hurac\u00e1n Melissa.   <\/p>\n","protected":false},"author":176,"featured_media":49618,"comment_status":"open","ping_status":"open","sticky":false,"template":"","format":"standard","meta":{"_acf_changed":false,"footnotes":""},"categories":[8,9,1],"tags":[144],"coauthors":[1918],"class_list":["post-56782","post","type-post","status-publish","format-standard","has-post-thumbnail","hentry","category-noticia","category-en-audio","category-sancti-spiritus","tag-transporte"],"acf":[],"_links":{"self":[{"href":"https:\/\/www.radiosanctispiritus.cu\/es\/wp-json\/wp\/v2\/posts\/56782","targetHints":{"allow":["GET"]}}],"collection":[{"href":"https:\/\/www.radiosanctispiritus.cu\/es\/wp-json\/wp\/v2\/posts"}],"about":[{"href":"https:\/\/www.radiosanctispiritus.cu\/es\/wp-json\/wp\/v2\/types\/post"}],"author":[{"embeddable":true,"href":"https:\/\/www.radiosanctispiritus.cu\/es\/wp-json\/wp\/v2\/users\/176"}],"replies":[{"embeddable":true,"href":"https:\/\/www.radiosanctispiritus.cu\/es\/wp-json\/wp\/v2\/comments?post=56782"}],"version-history":[{"count":1,"href":"https:\/\/www.radiosanctispiritus.cu\/es\/wp-json\/wp\/v2\/posts\/56782\/revisions"}],"predecessor-version":[{"id":56783,"href":"https:\/\/www.radiosanctispiritus.cu\/es\/wp-json\/wp\/v2\/posts\/56782\/revisions\/56783"}],"wp:featuredmedia":[{"embeddable":true,"href":"https:\/\/www.radiosanctispiritus.cu\/es\/wp-json\/wp\/v2\/media\/49618"}],"wp:attachment":[{"href":"https:\/\/www.radiosanctispiritus.cu\/es\/wp-json\/wp\/v2\/media?parent=56782"}],"wp:term":[{"taxonomy":"category","embeddable":true,"href":"https:\/\/www.radiosanctispiritus.cu\/es\/wp-json\/wp\/v2\/categories?post=56782"},{"taxonomy":"post_tag","embeddable":true,"href":"https:\/\/www.radiosanctispiritus.cu\/es\/wp-json\/wp\/v2\/tags?post=56782"},{"taxonomy":"author","embeddable":true,"href":"https:\/\/www.radiosanctispiritus.cu\/es\/wp-json\/wp\/v2\/coauthors?post=56782"}],"curies":[{"name":"wp","href":"https:\/\/api.w.org\/{rel}","templated":true}]}}