{"id":56764,"date":"2025-10-30T22:22:14","date_gmt":"2025-10-31T02:22:14","guid":{"rendered":"https:\/\/www.radiosanctispiritus.cu\/es\/?p=56764"},"modified":"2025-10-30T22:26:30","modified_gmt":"2025-10-31T02:26:30","slug":"los-hombres-que-llevan-la-esperanza","status":"publish","type":"post","link":"https:\/\/www.radiosanctispiritus.cu\/es\/los-hombres-que-llevan-la-esperanza\/","title":{"rendered":"Los hombres que llevan la esperanza (+ fotos)"},"content":{"rendered":"<p>Todav\u00eda no sal\u00eda el sol cuando los motores comenzaron a rugir en la base espirituana de la Empresa El\u00e9ctrica. Camiones cargados de herramientas, mochilas y rostros de sue\u00f1o formaban una fila que parec\u00eda infinita. A un lado, una bandera cubana ondeaba sobre el parabrisas del primer veh\u00edculo. Era la se\u00f1al. El contingente Seraf\u00edn S\u00e1nchez Valdivia volv\u00eda a la carretera.<\/p>\n<p>Desde Sancti Sp\u00edritus partieron seis brigadas el\u00e9ctricas rumbo a Santiago de Cuba que se unir\u00e1n a otras de todo el pa\u00eds con un objetivo com\u00fan: devolver la luz a las zonas m\u00e1s golpeadas tras el azote del hurac\u00e1n Melissa, cuyos vientos cercanos a los 200 kil\u00f3metros por hora dejaron el oriente sumido en la oscuridad.<\/p>\n<div id=\"attachment_56771\" style=\"width: 610px\" class=\"wp-caption aligncenter\"><img decoding=\"async\" aria-describedby=\"caption-attachment-56771\" class=\"size-medium wp-image-56771\" src=\"https:\/\/www.radiosanctispiritus.cu\/es\/wp-content\/uploads\/Seis-brigadas-mas-de-70-hombres-y-la-certeza-regresar-con-el-deber-cumplido.-Foto-Yosdany-Morejon-Copy-600x277.jpg\" alt=\"\" width=\"600\" height=\"277\" srcset=\"https:\/\/www.radiosanctispiritus.cu\/es\/wp-content\/uploads\/Seis-brigadas-mas-de-70-hombres-y-la-certeza-regresar-con-el-deber-cumplido.-Foto-Yosdany-Morejon-Copy-600x277.jpg 600w, https:\/\/www.radiosanctispiritus.cu\/es\/wp-content\/uploads\/Seis-brigadas-mas-de-70-hombres-y-la-certeza-regresar-con-el-deber-cumplido.-Foto-Yosdany-Morejon-Copy-1024x473.jpg 1024w, https:\/\/www.radiosanctispiritus.cu\/es\/wp-content\/uploads\/Seis-brigadas-mas-de-70-hombres-y-la-certeza-regresar-con-el-deber-cumplido.-Foto-Yosdany-Morejon-Copy-768x354.jpg 768w, https:\/\/www.radiosanctispiritus.cu\/es\/wp-content\/uploads\/Seis-brigadas-mas-de-70-hombres-y-la-certeza-regresar-con-el-deber-cumplido.-Foto-Yosdany-Morejon-Copy-1536x709.jpg 1536w, https:\/\/www.radiosanctispiritus.cu\/es\/wp-content\/uploads\/Seis-brigadas-mas-de-70-hombres-y-la-certeza-regresar-con-el-deber-cumplido.-Foto-Yosdany-Morejon-Copy-2048x945.jpg 2048w\" sizes=\"(max-width: 600px) 100vw, 600px\" \/><p id=\"caption-attachment-56771\" class=\"wp-caption-text\">Seis brigadas, m\u00e1s de 70 hombres y la certeza regresar con el deber cumplido. Foto: Yosdany Morej\u00f3n<\/p><\/div>\n<p>Seg\u00fan explic\u00f3 Roberto Hern\u00e1ndez Rojas, director general de la Empresa El\u00e9ctrica Sancti Sp\u00edritus, \u201cel contingente est\u00e1 compuesto por seis brigadas, dos carros de servicio, personal t\u00e9cnico, log\u00edstica y transporte: un total de 70 personas con experiencia suficiente para asumir un reto de esta magnitud. Sabemos que va a ser uno de los desaf\u00edos m\u00e1s dif\u00edciles que vamos a enfrentar, pero la misi\u00f3n fundamental es regresar con el deber cumplido\u201d.<\/p>\n<p>Casas derrumbadas, postes ca\u00eddos, l\u00edneas de alta tensi\u00f3n rotas y familias sin corriente dibujan el escenario que aguarda a los linieros espirituanos. Ellos parten con la calma de quien ha visto otras tormentas\u2026 y con la esperanza intacta de volver a encender la vida.<\/p>\n<div id=\"attachment_56767\" style=\"width: 610px\" class=\"wp-caption aligncenter\"><img decoding=\"async\" aria-describedby=\"caption-attachment-56767\" class=\"size-medium wp-image-56767\" src=\"https:\/\/www.radiosanctispiritus.cu\/es\/wp-content\/uploads\/Erleidys-Benitez-Garrido-acumula-varios-anos-de-experiencia-en-tareas-de-este-tipo.-Foto-Yosdany-Morejon-Copy-600x276.jpg\" alt=\"\" width=\"600\" height=\"276\" srcset=\"https:\/\/www.radiosanctispiritus.cu\/es\/wp-content\/uploads\/Erleidys-Benitez-Garrido-acumula-varios-anos-de-experiencia-en-tareas-de-este-tipo.-Foto-Yosdany-Morejon-Copy-600x276.jpg 600w, https:\/\/www.radiosanctispiritus.cu\/es\/wp-content\/uploads\/Erleidys-Benitez-Garrido-acumula-varios-anos-de-experiencia-en-tareas-de-este-tipo.-Foto-Yosdany-Morejon-Copy-1024x471.jpg 1024w, https:\/\/www.radiosanctispiritus.cu\/es\/wp-content\/uploads\/Erleidys-Benitez-Garrido-acumula-varios-anos-de-experiencia-en-tareas-de-este-tipo.-Foto-Yosdany-Morejon-Copy-768x353.jpg 768w, https:\/\/www.radiosanctispiritus.cu\/es\/wp-content\/uploads\/Erleidys-Benitez-Garrido-acumula-varios-anos-de-experiencia-en-tareas-de-este-tipo.-Foto-Yosdany-Morejon-Copy-1536x707.jpg 1536w, https:\/\/www.radiosanctispiritus.cu\/es\/wp-content\/uploads\/Erleidys-Benitez-Garrido-acumula-varios-anos-de-experiencia-en-tareas-de-este-tipo.-Foto-Yosdany-Morejon-Copy-2048x942.jpg 2048w\" sizes=\"(max-width: 600px) 100vw, 600px\" \/><p id=\"caption-attachment-56767\" class=\"wp-caption-text\">Erleidys Ben\u00edtez Garrido acumula varios a\u00f1os de experiencia en tareas de este tipo. Foto: Yosdany Morej\u00f3n<\/p><\/div>\n<h2>HUELLAS DE LUZ<\/h2>\n<p>En la brigada n\u00famero 6, Erleidys Ben\u00edtez Garrido acomoda los guantes y mira el horizonte. Tiene 42 y acumula varios a\u00f1os en la tarea de subir postes, reparar redes y enfrentar huracanes. \u201cEste es mi \u00fanico trabajo, siempre me ha gustado\u201d, dice sin titubeos.<\/p>\n<p>Tiene cuatro hijos peque\u00f1os y sabe lo que significa dejar el hogar por d\u00edas, dormir en camiones y comer bajo la lluvia. Pero tambi\u00e9n sabe por qu\u00e9 lo hace. \u201cMi familia es m\u00e1s grande \u2014explica\u2014. Mis ni\u00f1os est\u00e1n en casa y me duele dejarlos, pero hay que cumplir\u201d.<\/p>\n<div id=\"attachment_56768\" style=\"width: 610px\" class=\"wp-caption aligncenter\"><img decoding=\"async\" aria-describedby=\"caption-attachment-56768\" class=\"size-medium wp-image-56768\" src=\"https:\/\/www.radiosanctispiritus.cu\/es\/wp-content\/uploads\/El-contingente-electrico-Serafin-Sanchez-Valdivia-de-Sancti-Spiritus-fue-abanderado-por-autoridades-de-la-provincia-antes-de-partir-rumbo-al-oriente-del-pais.-Foto-Yosdany-Morejon-Copy-600x276.jpg\" alt=\"\" width=\"600\" height=\"276\" srcset=\"https:\/\/www.radiosanctispiritus.cu\/es\/wp-content\/uploads\/El-contingente-electrico-Serafin-Sanchez-Valdivia-de-Sancti-Spiritus-fue-abanderado-por-autoridades-de-la-provincia-antes-de-partir-rumbo-al-oriente-del-pais.-Foto-Yosdany-Morejon-Copy-600x276.jpg 600w, https:\/\/www.radiosanctispiritus.cu\/es\/wp-content\/uploads\/El-contingente-electrico-Serafin-Sanchez-Valdivia-de-Sancti-Spiritus-fue-abanderado-por-autoridades-de-la-provincia-antes-de-partir-rumbo-al-oriente-del-pais.-Foto-Yosdany-Morejon-Copy-1024x471.jpg 1024w, https:\/\/www.radiosanctispiritus.cu\/es\/wp-content\/uploads\/El-contingente-electrico-Serafin-Sanchez-Valdivia-de-Sancti-Spiritus-fue-abanderado-por-autoridades-de-la-provincia-antes-de-partir-rumbo-al-oriente-del-pais.-Foto-Yosdany-Morejon-Copy-768x353.jpg 768w, https:\/\/www.radiosanctispiritus.cu\/es\/wp-content\/uploads\/El-contingente-electrico-Serafin-Sanchez-Valdivia-de-Sancti-Spiritus-fue-abanderado-por-autoridades-de-la-provincia-antes-de-partir-rumbo-al-oriente-del-pais.-Foto-Yosdany-Morejon-Copy-1536x707.jpg 1536w, https:\/\/www.radiosanctispiritus.cu\/es\/wp-content\/uploads\/El-contingente-electrico-Serafin-Sanchez-Valdivia-de-Sancti-Spiritus-fue-abanderado-por-autoridades-de-la-provincia-antes-de-partir-rumbo-al-oriente-del-pais.-Foto-Yosdany-Morejon-Copy-2048x942.jpg 2048w\" sizes=\"(max-width: 600px) 100vw, 600px\" \/><p id=\"caption-attachment-56768\" class=\"wp-caption-text\">El contingente el\u00e9ctrico Seraf\u00edn S\u00e1nchez Valdivia de Sancti Sp\u00edritus fue abanderado por autoridades de la provincia antes de partir rumbo al oriente del pa\u00eds. Foto: Yosdany Morej\u00f3n<\/p><\/div>\n<p>Habla con serenidad, con esa mezcla de oficio y fe que solo tienen los que han aprendido a levantar un pa\u00eds desde los cables. \u201cSeg\u00fan hemos visto en las noticias \u2014relata\u2014 hay mucha devastaci\u00f3n. Muchos postes en el suelo, muchas casas ca\u00eddas\u2026; ah\u00ed nos vamos a enfrentar con algo dif\u00edcil. El compromiso es ir todos y regresar todos. Que no venga ning\u00fan accidente, no violar las medidas de seguridad\u201d.<\/p>\n<p>Su misi\u00f3n es clara: poste a poste, servicio a servicio, levantar lo que el viento derrumb\u00f3. \u201cLos espirituanos vamos a estar presentes donde haga falta en el oriente cubano\u201d, agrega y en su tono pausado se adivina el coraje de los hombres que encienden pueblos enteros.<\/p>\n<div id=\"attachment_56769\" style=\"width: 610px\" class=\"wp-caption aligncenter\"><img decoding=\"async\" aria-describedby=\"caption-attachment-56769\" class=\"size-medium wp-image-56769\" src=\"https:\/\/www.radiosanctispiritus.cu\/es\/wp-content\/uploads\/Los-electricos-espirituanos-van-a-estar-presentes-donde-haga-falta-en-el-oriente-cubano.-Foto-Yosdany-Morejon-Copy-600x276.jpg\" alt=\"\" width=\"600\" height=\"276\" srcset=\"https:\/\/www.radiosanctispiritus.cu\/es\/wp-content\/uploads\/Los-electricos-espirituanos-van-a-estar-presentes-donde-haga-falta-en-el-oriente-cubano.-Foto-Yosdany-Morejon-Copy-600x276.jpg 600w, https:\/\/www.radiosanctispiritus.cu\/es\/wp-content\/uploads\/Los-electricos-espirituanos-van-a-estar-presentes-donde-haga-falta-en-el-oriente-cubano.-Foto-Yosdany-Morejon-Copy-1024x471.jpg 1024w, https:\/\/www.radiosanctispiritus.cu\/es\/wp-content\/uploads\/Los-electricos-espirituanos-van-a-estar-presentes-donde-haga-falta-en-el-oriente-cubano.-Foto-Yosdany-Morejon-Copy-768x353.jpg 768w, https:\/\/www.radiosanctispiritus.cu\/es\/wp-content\/uploads\/Los-electricos-espirituanos-van-a-estar-presentes-donde-haga-falta-en-el-oriente-cubano.-Foto-Yosdany-Morejon-Copy-1536x707.jpg 1536w, https:\/\/www.radiosanctispiritus.cu\/es\/wp-content\/uploads\/Los-electricos-espirituanos-van-a-estar-presentes-donde-haga-falta-en-el-oriente-cubano.-Foto-Yosdany-Morejon-Copy-2048x942.jpg 2048w\" sizes=\"(max-width: 600px) 100vw, 600px\" \/><p id=\"caption-attachment-56769\" class=\"wp-caption-text\">Los el\u00e9ctricos espirituanos van a estar presentes donde haga falta en el oriente cubano. Foto: Yosdany Morej\u00f3n<\/p><\/div>\n<p>En su memoria, Erleidys guarda im\u00e1genes que el tiempo no borra: la madrugada de ciclones pasados, los d\u00edas interminables con cables encima, los postes que levant\u00f3 bajo aguaceros que parec\u00edan no tener fin. \u201cUno no se acostumbra nunca del todo \u2014confiesa\u2014, pero cada vez que logras dar corriente a una casa y ves la gente aplaudir o llorar sabes que vali\u00f3 la pena\u201d.<\/p>\n<p>No se considera un h\u00e9roe. \u201cNosotros hacemos lo que nos toca\u201d, dice, aunque en su voz se adivina la emoci\u00f3n de quien entiende que su trabajo tambi\u00e9n salva. En medio del peligro, su mayor orgullo es pertenecer a una brigada donde la solidaridad se aprende en cada jornada. \u201cAqu\u00ed nadie deja solo a nadie. Si uno cae, el otro sube. Si falta algo, lo compartimos. Somos una familia en el poste\u201d.<\/p>\n<p>Cuando Erleidys Ben\u00edtez Garrido se ajusta el casco y sube al cami\u00f3n rumbo al oriente, piensa en sus hijos. Sabe que los d\u00edas lejos de casa ser\u00e1n duros, que las noches sin corriente no solo duelen all\u00e1, sino tambi\u00e9n aqu\u00ed, donde su familia cuenta las horas. Pero va, como tantos otros, porque alguien debe levantar los postes ca\u00eddos y devolver la luz.<\/p>\n<p>Y aunque el trabajo le endurezca las manos, en el fondo de ellas siempre guarda la ternura del regreso. A pocos metros, el convoy comienza a avanzar. Mira hacia atr\u00e1s, hacia la ciudad que lo vio nacer y en silencio promete volver.<\/p>\n<div id=\"attachment_56765\" style=\"width: 610px\" class=\"wp-caption aligncenter\"><img decoding=\"async\" aria-describedby=\"caption-attachment-56765\" class=\"size-medium wp-image-56765\" src=\"https:\/\/www.radiosanctispiritus.cu\/es\/wp-content\/uploads\/Yanier-Zamora-Mena-al-igual-que-su-hermano-gemelo-lleva-la-electricidad-en-la-sangre-y-el-valor-en-la-mirada.-Foto-Yosdany-Morejon-Copy-600x276.jpg\" alt=\"\" width=\"600\" height=\"276\" srcset=\"https:\/\/www.radiosanctispiritus.cu\/es\/wp-content\/uploads\/Yanier-Zamora-Mena-al-igual-que-su-hermano-gemelo-lleva-la-electricidad-en-la-sangre-y-el-valor-en-la-mirada.-Foto-Yosdany-Morejon-Copy-600x276.jpg 600w, https:\/\/www.radiosanctispiritus.cu\/es\/wp-content\/uploads\/Yanier-Zamora-Mena-al-igual-que-su-hermano-gemelo-lleva-la-electricidad-en-la-sangre-y-el-valor-en-la-mirada.-Foto-Yosdany-Morejon-Copy-1024x471.jpg 1024w, https:\/\/www.radiosanctispiritus.cu\/es\/wp-content\/uploads\/Yanier-Zamora-Mena-al-igual-que-su-hermano-gemelo-lleva-la-electricidad-en-la-sangre-y-el-valor-en-la-mirada.-Foto-Yosdany-Morejon-Copy-768x353.jpg 768w, https:\/\/www.radiosanctispiritus.cu\/es\/wp-content\/uploads\/Yanier-Zamora-Mena-al-igual-que-su-hermano-gemelo-lleva-la-electricidad-en-la-sangre-y-el-valor-en-la-mirada.-Foto-Yosdany-Morejon-Copy-1536x707.jpg 1536w, https:\/\/www.radiosanctispiritus.cu\/es\/wp-content\/uploads\/Yanier-Zamora-Mena-al-igual-que-su-hermano-gemelo-lleva-la-electricidad-en-la-sangre-y-el-valor-en-la-mirada.-Foto-Yosdany-Morejon-Copy-2048x942.jpg 2048w\" sizes=\"(max-width: 600px) 100vw, 600px\" \/><p id=\"caption-attachment-56765\" class=\"wp-caption-text\">Yanier Zamora Mena, al igual que su hermano gemelo, lleva la electricidad en la sangre y el valor en la mirada. Foto: Yosdany Morej\u00f3n<\/p><\/div>\n<h2>VOCACI\u00d3N DE LINIERO<\/h2>\n<p>Yanier Zamora Mena lleva la electricidad en la sangre y el valor en la mirada. Desde que ingres\u00f3 a la Empresa El\u00e9ctrica de Sancti Sp\u00edritus ha sido de los primeros en levantar la mano cuando toca enfrentar huracanes y reconstruir lo que los vientos arrasan. \u201cEl primer cicl\u00f3n de nosotros fue en Pinar del R\u00edo; ah\u00ed estuvimos cincuenta y pico de d\u00edas\u201d, recuerda sin dramatismo, como quien habla de un deber que se asume con naturalidad.<\/p>\n<p>Desde entonces, ha participado en varios eventos similares y, aun as\u00ed, esta nueva misi\u00f3n lo conmueve. \u201cA pesar de todo, hoy vuelvo a dar el paso al frente ante una situaci\u00f3n dif\u00edcil y una necesidad de todo el pa\u00eds que se siente. Es nuestro trabajo y es el compromiso de nosotros con el pueblo de Oriente\u201d, afirma.<\/p>\n<p>Su familia, por supuesto, siente la distancia antes, incluso, de que se marche. \u201cLa familia extra\u00f1a porque uno se va por muchos d\u00edas\u2026\u201d, dice con voz suave, como quien ha aprendido a convivir con la ausencia. Pero enseguida se recompone: \u201cNo, miedo no tengo. Ya eso lo hemos enfrentado otras veces\u201d.<\/p>\n<div id=\"attachment_56770\" style=\"width: 610px\" class=\"wp-caption aligncenter\"><img decoding=\"async\" aria-describedby=\"caption-attachment-56770\" class=\"size-medium wp-image-56770\" src=\"https:\/\/www.radiosanctispiritus.cu\/es\/wp-content\/uploads\/La-mision-fundamental-es-regresar-con-el-deber-cumplido.-Foto-Yosdany-Morejon-Copy-600x276.jpg\" alt=\"\" width=\"600\" height=\"276\" srcset=\"https:\/\/www.radiosanctispiritus.cu\/es\/wp-content\/uploads\/La-mision-fundamental-es-regresar-con-el-deber-cumplido.-Foto-Yosdany-Morejon-Copy-600x276.jpg 600w, https:\/\/www.radiosanctispiritus.cu\/es\/wp-content\/uploads\/La-mision-fundamental-es-regresar-con-el-deber-cumplido.-Foto-Yosdany-Morejon-Copy-1024x471.jpg 1024w, https:\/\/www.radiosanctispiritus.cu\/es\/wp-content\/uploads\/La-mision-fundamental-es-regresar-con-el-deber-cumplido.-Foto-Yosdany-Morejon-Copy-768x353.jpg 768w, https:\/\/www.radiosanctispiritus.cu\/es\/wp-content\/uploads\/La-mision-fundamental-es-regresar-con-el-deber-cumplido.-Foto-Yosdany-Morejon-Copy-1536x707.jpg 1536w, https:\/\/www.radiosanctispiritus.cu\/es\/wp-content\/uploads\/La-mision-fundamental-es-regresar-con-el-deber-cumplido.-Foto-Yosdany-Morejon-Copy-2048x942.jpg 2048w\" sizes=\"(max-width: 600px) 100vw, 600px\" \/><p id=\"caption-attachment-56770\" class=\"wp-caption-text\">La misi\u00f3n fundamental es regresar con el deber cumplido. Foto: Yosdany Morej\u00f3n<\/p><\/div>\n<p>Lo suyo no es solo oficio, es vocaci\u00f3n. \u201cMe gusta lo que hago\u201d, asegura. Y m\u00e1s ahora que comparte la brigada con su hermano gemelo, tambi\u00e9n liniero. \u201cIr no solamente con tus compa\u00f1eros de trabajo, sino tambi\u00e9n con un miembro de tu familia es un orgullo. Nos da m\u00e1s confianza; nos ayudamos mutuamente, nos concentramos m\u00e1s, nos damos ideas cada uno. Trabajamos juntos en la misma brigada\u201d.<\/p>\n<p>Sabe lo que le espera: postes en el suelo, cables enredados, calles cubiertas de ramas, rostros cansados esperando la luz. Pero eso no lo detiene. \u201cNo sabemos cu\u00e1nto va a demorar todo eso, pero vamos con el esp\u00edritu de trabajar, de ayudar a esas personas que est\u00e1n all\u00e1 pasando trabajo y sin corriente. Vamos a enfrentar lo que venga\u201d.<\/p>\n<p>As\u00ed habla Yanier, sin aspavientos. Su acento campesino y su tono sereno resumen el temple de los el\u00e9ctricos espirituanos que parten al Oriente, donde los espera la oscuridad\u2026 y la esperanza de alumbrarla.<\/p>\n<div id=\"attachment_56766\" style=\"width: 610px\" class=\"wp-caption aligncenter\"><img decoding=\"async\" aria-describedby=\"caption-attachment-56766\" class=\"size-medium wp-image-56766\" src=\"https:\/\/www.radiosanctispiritus.cu\/es\/wp-content\/uploads\/El-personal-posee-experiencia-suficiente-para-asumir-un-reto-de-esta-magnitud.-Foto-Yosdany-Morejon-Copy-600x276.jpg\" alt=\"\" width=\"600\" height=\"276\" srcset=\"https:\/\/www.radiosanctispiritus.cu\/es\/wp-content\/uploads\/El-personal-posee-experiencia-suficiente-para-asumir-un-reto-de-esta-magnitud.-Foto-Yosdany-Morejon-Copy-600x276.jpg 600w, https:\/\/www.radiosanctispiritus.cu\/es\/wp-content\/uploads\/El-personal-posee-experiencia-suficiente-para-asumir-un-reto-de-esta-magnitud.-Foto-Yosdany-Morejon-Copy-1024x471.jpg 1024w, https:\/\/www.radiosanctispiritus.cu\/es\/wp-content\/uploads\/El-personal-posee-experiencia-suficiente-para-asumir-un-reto-de-esta-magnitud.-Foto-Yosdany-Morejon-Copy-768x353.jpg 768w, https:\/\/www.radiosanctispiritus.cu\/es\/wp-content\/uploads\/El-personal-posee-experiencia-suficiente-para-asumir-un-reto-de-esta-magnitud.-Foto-Yosdany-Morejon-Copy-1536x707.jpg 1536w, https:\/\/www.radiosanctispiritus.cu\/es\/wp-content\/uploads\/El-personal-posee-experiencia-suficiente-para-asumir-un-reto-de-esta-magnitud.-Foto-Yosdany-Morejon-Copy-2048x942.jpg 2048w\" sizes=\"(max-width: 600px) 100vw, 600px\" \/><p id=\"caption-attachment-56766\" class=\"wp-caption-text\">El personal posee experiencia suficiente para asumir un reto de esta magnitud. Foto: Yosdany Morej\u00f3n<\/p><\/div>\n<h2>SANCTI SP\u00cdRITUS EN MARCHA<\/h2>\n<p>Mientras las brigadas ajustan herramientas, revisan los carros y aseguran la log\u00edstica, el reloj corre sin pausa. Las im\u00e1genes que llegan desde Santiago de Cuba y el resto del territorio oriental hablan de un desaf\u00edo inmenso. En ese escenario, la movilizaci\u00f3n espirituana trasciende la t\u00e9cnica; es un gesto de solidaridad, una respuesta de pa\u00eds ante el dolor de otros.<\/p>\n<p>A media ma\u00f1ana del mi\u00e9rcoles, cuando los motores rugieron y el convoy se perdi\u00f3 en la carretera, Sancti Sp\u00edritus qued\u00f3 en silencio unos segundos, como si contuviera el aliento. Luego, la certeza se impuso: sus hombres iban otra vez al frente, llevando consigo m\u00e1s que herramientas y cables. Llevaban esperanza.<\/p>\n<p>Y aunque el viaje sea largo y la tarea dif\u00edcil, hay una promesa que los acompa\u00f1a desde el primer kil\u00f3metro: ir\u00e1n, cumplir\u00e1n y volver\u00e1n. Volver\u00e1n todos.<\/p>\n<p><iframe src=\"https:\/\/www.ivoox.com\/player_ej_161558821_6_1.html?c1=7a0d0b\" width=\"100%\" height=\"200\" frameborder=\"0\" scrolling=\"no\" allowfullscreen=\"allowfullscreen\"><\/iframe><\/p>\n","protected":false},"excerpt":{"rendered":"<p>Al amanecer de este mi\u00e9rcoles, el contingente el\u00e9ctrico Seraf\u00edn S\u00e1nchez Valdivia, de Sancti Sp\u00edritus, emprendi\u00f3 rumbo al oriente del pa\u00eds para auxiliar en la recuperaci\u00f3n del sistema el\u00e9ctrico tras el paso del hurac\u00e1n Melissa. Seis brigadas, m\u00e1s de 70 hombres y una sola certeza: regresar con el deber cumplido<\/p>\n","protected":false},"author":29,"featured_media":56734,"comment_status":"open","ping_status":"open","sticky":false,"template":"","format":"standard","meta":{"_acf_changed":false,"footnotes":""},"categories":[8,9,1],"tags":[390,368,2089,151],"coauthors":[1856],"class_list":["post-56764","post","type-post","status-publish","format-standard","has-post-thumbnail","hentry","category-noticia","category-en-audio","category-sancti-spiritus","tag-electricos","tag-huracan","tag-melissa","tag-solidaridad"],"acf":[],"_links":{"self":[{"href":"https:\/\/www.radiosanctispiritus.cu\/es\/wp-json\/wp\/v2\/posts\/56764","targetHints":{"allow":["GET"]}}],"collection":[{"href":"https:\/\/www.radiosanctispiritus.cu\/es\/wp-json\/wp\/v2\/posts"}],"about":[{"href":"https:\/\/www.radiosanctispiritus.cu\/es\/wp-json\/wp\/v2\/types\/post"}],"author":[{"embeddable":true,"href":"https:\/\/www.radiosanctispiritus.cu\/es\/wp-json\/wp\/v2\/users\/29"}],"replies":[{"embeddable":true,"href":"https:\/\/www.radiosanctispiritus.cu\/es\/wp-json\/wp\/v2\/comments?post=56764"}],"version-history":[{"count":5,"href":"https:\/\/www.radiosanctispiritus.cu\/es\/wp-json\/wp\/v2\/posts\/56764\/revisions"}],"predecessor-version":[{"id":56786,"href":"https:\/\/www.radiosanctispiritus.cu\/es\/wp-json\/wp\/v2\/posts\/56764\/revisions\/56786"}],"wp:featuredmedia":[{"embeddable":true,"href":"https:\/\/www.radiosanctispiritus.cu\/es\/wp-json\/wp\/v2\/media\/56734"}],"wp:attachment":[{"href":"https:\/\/www.radiosanctispiritus.cu\/es\/wp-json\/wp\/v2\/media?parent=56764"}],"wp:term":[{"taxonomy":"category","embeddable":true,"href":"https:\/\/www.radiosanctispiritus.cu\/es\/wp-json\/wp\/v2\/categories?post=56764"},{"taxonomy":"post_tag","embeddable":true,"href":"https:\/\/www.radiosanctispiritus.cu\/es\/wp-json\/wp\/v2\/tags?post=56764"},{"taxonomy":"author","embeddable":true,"href":"https:\/\/www.radiosanctispiritus.cu\/es\/wp-json\/wp\/v2\/coauthors?post=56764"}],"curies":[{"name":"wp","href":"https:\/\/api.w.org\/{rel}","templated":true}]}}