{"id":56741,"date":"2025-10-29T14:47:09","date_gmt":"2025-10-29T18:47:09","guid":{"rendered":"https:\/\/www.radiosanctispiritus.cu\/es\/?p=56741"},"modified":"2025-10-29T14:47:09","modified_gmt":"2025-10-29T18:47:09","slug":"linieros-de-cabaiguan-parten-hacia-provincias-orientales-a-apoyar-la-recuperacion","status":"publish","type":"post","link":"https:\/\/www.radiosanctispiritus.cu\/es\/linieros-de-cabaiguan-parten-hacia-provincias-orientales-a-apoyar-la-recuperacion\/","title":{"rendered":"Linieros de Cabaigu\u00e1n parten hacia provincias orientales a apoyar la recuperaci\u00f3n"},"content":{"rendered":"<p>Una brigada de trabajadores del sector el\u00e9ctrico de Cabaigu\u00e1n integran el contingente espirituano Seraf\u00edn S\u00e1nchez que desde este mi\u00e9rcoles 29 de octubre parte hacia la zona oriental de Cuba a participar en las labores de recuperaci\u00f3n tras el paso del hurac\u00e1n Melissa.<\/p>\n<p><iframe src=\"https:\/\/www.ivoox.com\/player_ej_161542143_6_1.html?c1=7a0d0b\" width=\"100%\" height=\"200\" frameborder=\"0\" scrolling=\"no\" allowfullscreen=\"allowfullscreen\"><\/iframe><\/p>\n","protected":false},"excerpt":{"rendered":"<p>Una brigada de trabajadores del sector el\u00e9ctrico de Cabaigu\u00e1n integran el contingente espirituano Seraf\u00edn S\u00e1nchez que desde este mi\u00e9rcoles 29 de octubre parte hacia la zona oriental de Cuba a participar en las labores de recuperaci\u00f3n tras el paso del hurac\u00e1n Melissa.<\/p>\n","protected":false},"author":176,"featured_media":56742,"comment_status":"open","ping_status":"open","sticky":false,"template":"","format":"standard","meta":{"_acf_changed":false,"footnotes":""},"categories":[8,9],"tags":[],"coauthors":[1918],"class_list":["post-56741","post","type-post","status-publish","format-standard","has-post-thumbnail","hentry","category-noticia","category-en-audio"],"acf":[],"_links":{"self":[{"href":"https:\/\/www.radiosanctispiritus.cu\/es\/wp-json\/wp\/v2\/posts\/56741","targetHints":{"allow":["GET"]}}],"collection":[{"href":"https:\/\/www.radiosanctispiritus.cu\/es\/wp-json\/wp\/v2\/posts"}],"about":[{"href":"https:\/\/www.radiosanctispiritus.cu\/es\/wp-json\/wp\/v2\/types\/post"}],"author":[{"embeddable":true,"href":"https:\/\/www.radiosanctispiritus.cu\/es\/wp-json\/wp\/v2\/users\/176"}],"replies":[{"embeddable":true,"href":"https:\/\/www.radiosanctispiritus.cu\/es\/wp-json\/wp\/v2\/comments?post=56741"}],"version-history":[{"count":1,"href":"https:\/\/www.radiosanctispiritus.cu\/es\/wp-json\/wp\/v2\/posts\/56741\/revisions"}],"predecessor-version":[{"id":56743,"href":"https:\/\/www.radiosanctispiritus.cu\/es\/wp-json\/wp\/v2\/posts\/56741\/revisions\/56743"}],"wp:featuredmedia":[{"embeddable":true,"href":"https:\/\/www.radiosanctispiritus.cu\/es\/wp-json\/wp\/v2\/media\/56742"}],"wp:attachment":[{"href":"https:\/\/www.radiosanctispiritus.cu\/es\/wp-json\/wp\/v2\/media?parent=56741"}],"wp:term":[{"taxonomy":"category","embeddable":true,"href":"https:\/\/www.radiosanctispiritus.cu\/es\/wp-json\/wp\/v2\/categories?post=56741"},{"taxonomy":"post_tag","embeddable":true,"href":"https:\/\/www.radiosanctispiritus.cu\/es\/wp-json\/wp\/v2\/tags?post=56741"},{"taxonomy":"author","embeddable":true,"href":"https:\/\/www.radiosanctispiritus.cu\/es\/wp-json\/wp\/v2\/coauthors?post=56741"}],"curies":[{"name":"wp","href":"https:\/\/api.w.org\/{rel}","templated":true}]}}