{"id":56723,"date":"2025-10-29T10:18:50","date_gmt":"2025-10-29T14:18:50","guid":{"rendered":"https:\/\/www.radiosanctispiritus.cu\/es\/?p=56723"},"modified":"2025-10-29T18:54:27","modified_gmt":"2025-10-29T22:54:27","slug":"hoy-mesa-redonda-especial-con-el-presidente-y-el-consejo-de-defensa-nacional","status":"publish","type":"post","link":"https:\/\/www.radiosanctispiritus.cu\/es\/hoy-mesa-redonda-especial-con-el-presidente-y-el-consejo-de-defensa-nacional\/","title":{"rendered":"Hoy, Mesa Redonda Especial con el presidente y el Consejo de Defensa Nacional"},"content":{"rendered":"<div class=\"section-body\">\n<p>Hoy, a las 5 y 30 de la tarde, Mesa Redonda Especial con el presidente y el Consejo de Defensa Nacional<\/p>\n<p>El presidente del Consejo de Defensa Nacional y primer secretario del Partido, Miguel D\u00edaz-Canel Berm\u00fadez, realizar\u00e1 la primera reuni\u00f3n de evaluaci\u00f3n tras el paso del hurac\u00e1n Melissa por el oriente del pa\u00eds, en Mesa Redonda desde el Palacio de la Revoluci\u00f3n y por videoconferencia con las autoridades de los territorios afectados.<\/p>\n<p>El programa, que se trasmitir\u00e1 en vivo y en directo, a partir de las 5 y 30 de la tarde, incluye pases a las provincias m\u00e1s afectadas y una actualizaci\u00f3n de la situaci\u00f3n meteorol\u00f3gica del pa\u00eds y de las medidas que se pondr\u00e1n en marcha para iniciar la recuperaci\u00f3n.<\/p>\n<\/div>\n","protected":false},"excerpt":{"rendered":"<p>Hoy, a las 5 y 30 de la tarde, Mesa Redonda Especial con el presidente y el Consejo de Defensa Nacional<\/p>\n","protected":false},"author":26,"featured_media":47550,"comment_status":"open","ping_status":"open","sticky":false,"template":"","format":"standard","meta":{"_acf_changed":false,"footnotes":""},"categories":[8,3],"tags":[],"coauthors":[1887],"class_list":["post-56723","post","type-post","status-publish","format-standard","has-post-thumbnail","hentry","category-noticia","category-cuba"],"acf":[],"_links":{"self":[{"href":"https:\/\/www.radiosanctispiritus.cu\/es\/wp-json\/wp\/v2\/posts\/56723","targetHints":{"allow":["GET"]}}],"collection":[{"href":"https:\/\/www.radiosanctispiritus.cu\/es\/wp-json\/wp\/v2\/posts"}],"about":[{"href":"https:\/\/www.radiosanctispiritus.cu\/es\/wp-json\/wp\/v2\/types\/post"}],"author":[{"embeddable":true,"href":"https:\/\/www.radiosanctispiritus.cu\/es\/wp-json\/wp\/v2\/users\/26"}],"replies":[{"embeddable":true,"href":"https:\/\/www.radiosanctispiritus.cu\/es\/wp-json\/wp\/v2\/comments?post=56723"}],"version-history":[{"count":2,"href":"https:\/\/www.radiosanctispiritus.cu\/es\/wp-json\/wp\/v2\/posts\/56723\/revisions"}],"predecessor-version":[{"id":56725,"href":"https:\/\/www.radiosanctispiritus.cu\/es\/wp-json\/wp\/v2\/posts\/56723\/revisions\/56725"}],"wp:featuredmedia":[{"embeddable":true,"href":"https:\/\/www.radiosanctispiritus.cu\/es\/wp-json\/wp\/v2\/media\/47550"}],"wp:attachment":[{"href":"https:\/\/www.radiosanctispiritus.cu\/es\/wp-json\/wp\/v2\/media?parent=56723"}],"wp:term":[{"taxonomy":"category","embeddable":true,"href":"https:\/\/www.radiosanctispiritus.cu\/es\/wp-json\/wp\/v2\/categories?post=56723"},{"taxonomy":"post_tag","embeddable":true,"href":"https:\/\/www.radiosanctispiritus.cu\/es\/wp-json\/wp\/v2\/tags?post=56723"},{"taxonomy":"author","embeddable":true,"href":"https:\/\/www.radiosanctispiritus.cu\/es\/wp-json\/wp\/v2\/coauthors?post=56723"}],"curies":[{"name":"wp","href":"https:\/\/api.w.org\/{rel}","templated":true}]}}