{"id":56701,"date":"2025-10-29T10:51:43","date_gmt":"2025-10-29T14:51:43","guid":{"rendered":"https:\/\/www.radiosanctispiritus.cu\/es\/?p=56701"},"modified":"2025-10-29T10:51:43","modified_gmt":"2025-10-29T14:51:43","slug":"ciego-avila-y-sancti-spiritus-pasan-a-fase-de-normalidad-tras-melissa","status":"publish","type":"post","link":"https:\/\/www.radiosanctispiritus.cu\/es\/ciego-avila-y-sancti-spiritus-pasan-a-fase-de-normalidad-tras-melissa\/","title":{"rendered":"Ciego \u00c1vila y Sancti Sp\u00edritus pasan a fase de normalidad tras Melissa"},"content":{"rendered":"<p>Nota informativa no. 4 del Estado Mayor Nacional de la Defensa Civil sobre el hurac\u00e1n Melissa<\/p>\n<p>29 de octubre de 2025, 09:00 horas<\/p>\n<p>El hurac\u00e1n Melissa no provoc\u00f3 afectaciones en las provincias de Ciego \u00c1vila y Sancti Sp\u00edritus que se encuentran en la Fase de Alerta cicl\u00f3nica, por lo que se decidi\u00f3 a partir de las 10:00 hrs de hoy, pasar a la normalidad ambos territorios, los que deben prestarle atenci\u00f3n a la influencia de las lluvias y el mar. Mantener activados sus consejos de defensa en composici\u00f3n reducida.<\/p>\n<p>Se reconoce la labor desplegada en estos territorios, por los \u00f3rganos de direcci\u00f3n, los medios de comunicaci\u00f3n y la poblaci\u00f3n, por la disciplina y solidaridad mostrada en el cumplimiento de las medidas orientadas durante los preparativos y la respuesta a este evento.<\/p>\n","protected":false},"excerpt":{"rendered":"<p>Se reconoce la labor desplegada en estos territorios, por los \u00f3rganos de direcci\u00f3n, los medios de comunicaci\u00f3n y la poblaci\u00f3n, por la disciplina y solidaridad mostrada en el cumplimiento de las medidas orientadas durante los preparativos y la respuesta a este evento.<\/p>\n","protected":false},"author":4,"featured_media":56355,"comment_status":"open","ping_status":"open","sticky":false,"template":"","format":"standard","meta":{"_acf_changed":false,"footnotes":""},"categories":[8,3,1],"tags":[368,2089],"coauthors":[1883],"class_list":["post-56701","post","type-post","status-publish","format-standard","has-post-thumbnail","hentry","category-noticia","category-cuba","category-sancti-spiritus","tag-huracan","tag-melissa"],"acf":[],"_links":{"self":[{"href":"https:\/\/www.radiosanctispiritus.cu\/es\/wp-json\/wp\/v2\/posts\/56701","targetHints":{"allow":["GET"]}}],"collection":[{"href":"https:\/\/www.radiosanctispiritus.cu\/es\/wp-json\/wp\/v2\/posts"}],"about":[{"href":"https:\/\/www.radiosanctispiritus.cu\/es\/wp-json\/wp\/v2\/types\/post"}],"author":[{"embeddable":true,"href":"https:\/\/www.radiosanctispiritus.cu\/es\/wp-json\/wp\/v2\/users\/4"}],"replies":[{"embeddable":true,"href":"https:\/\/www.radiosanctispiritus.cu\/es\/wp-json\/wp\/v2\/comments?post=56701"}],"version-history":[{"count":2,"href":"https:\/\/www.radiosanctispiritus.cu\/es\/wp-json\/wp\/v2\/posts\/56701\/revisions"}],"predecessor-version":[{"id":56703,"href":"https:\/\/www.radiosanctispiritus.cu\/es\/wp-json\/wp\/v2\/posts\/56701\/revisions\/56703"}],"wp:featuredmedia":[{"embeddable":true,"href":"https:\/\/www.radiosanctispiritus.cu\/es\/wp-json\/wp\/v2\/media\/56355"}],"wp:attachment":[{"href":"https:\/\/www.radiosanctispiritus.cu\/es\/wp-json\/wp\/v2\/media?parent=56701"}],"wp:term":[{"taxonomy":"category","embeddable":true,"href":"https:\/\/www.radiosanctispiritus.cu\/es\/wp-json\/wp\/v2\/categories?post=56701"},{"taxonomy":"post_tag","embeddable":true,"href":"https:\/\/www.radiosanctispiritus.cu\/es\/wp-json\/wp\/v2\/tags?post=56701"},{"taxonomy":"author","embeddable":true,"href":"https:\/\/www.radiosanctispiritus.cu\/es\/wp-json\/wp\/v2\/coauthors?post=56701"}],"curies":[{"name":"wp","href":"https:\/\/api.w.org\/{rel}","templated":true}]}}