{"id":56689,"date":"2025-10-29T09:21:10","date_gmt":"2025-10-29T13:21:10","guid":{"rendered":"https:\/\/www.radiosanctispiritus.cu\/es\/?p=56689"},"modified":"2025-10-29T09:21:10","modified_gmt":"2025-10-29T13:21:10","slug":"unicef-ayuda-a-ninos-afectados-por-huracan-melissa-en-cuba","status":"publish","type":"post","link":"https:\/\/www.radiosanctispiritus.cu\/es\/unicef-ayuda-a-ninos-afectados-por-huracan-melissa-en-cuba\/","title":{"rendered":"UNICEF ayuda a ni\u00f1os afectados por hurac\u00e1n Melissa en Cuba"},"content":{"rendered":"<p>En respuesta inmediata al paso del hurac\u00e1n Melissa por el oriente de Cuba, el Fondo de las Naciones Unidas para la Infancia (UNICEF) ha comenzado la distribuci\u00f3n de asistencia humanitaria destinada a proteger a aproximadamente 21,000 ni\u00f1os, ni\u00f1as y adolescentes, as\u00ed como a 6,500 personas albergadas en centros de protecci\u00f3n temporal. <\/p>\n<p>La ayuda incluye insumos esenciales para garantizar condiciones m\u00ednimas de supervivencia y bienestar en medio de la emergencia: kits de higiene para prevenir brotes de enfermedades, plantas potabilizadoras de agua y tanques de gran capacidad para asegurar el acceso a agua segura, mantas impermeabilizantes y materiales para techos, adem\u00e1s de kits de recreaci\u00f3n, de primera infancia y escolares dise\u00f1ados para salvaguardar el bienestar psicosocial de la ni\u00f1ez afectada. <\/p>\n<p>\u201cAnte situaciones de desastre, los ni\u00f1os son siempre los m\u00e1s vulnerables. Nuestra prioridad es garantizar su protecci\u00f3n inmediata y condiciones adecuadas de agua, higiene y albergue\u201d, afirmaron representantes de UNICEF en Cuba. <\/p>\n<p>La operaci\u00f3n humanitaria se realiza con el respaldo del Fondo Central para la Acci\u00f3n en Emergencias (CERF) de las Naciones Unidas y la Oficina para la Coordinaci\u00f3n de Asuntos Humanitarios (OCHA). Los equipos de UNICEF permanecen en el terreno, trabajando en estrecha coordinaci\u00f3n con las autoridades cubanas y otros socios nacionales e internacionales para ampliar la cobertura de la asistencia en las zonas m\u00e1s golpeadas por el fen\u00f3meno meteorol\u00f3gico, especialmente en las provincias orientales del pa\u00eds. <\/p>\n<p>Esta intervenci\u00f3n forma parte de los esfuerzos conjuntos para mitigar el impacto del hurac\u00e1n Melissa, que dej\u00f3 severos da\u00f1os a la infraestructura, viviendas y servicios b\u00e1sicos en varias comunidades, poniendo en riesgo la salud y seguridad de miles de familias. <\/p>\n","protected":false},"excerpt":{"rendered":"<p>En respuesta inmediata al paso del hurac\u00e1n Melissa por el oriente de Cuba, el Fondo de las Naciones Unidas para la Infancia (UNICEF) ha comenzado la distribuci\u00f3n de asistencia humanitaria destinada a proteger a aproximadamente 21,000 ni\u00f1os, ni\u00f1as y adolescentes, as\u00ed como a 6,500 personas albergadas en centros de protecci\u00f3n temporal. <\/p>\n","protected":false},"author":4,"featured_media":10081,"comment_status":"open","ping_status":"open","sticky":false,"template":"","format":"standard","meta":{"_acf_changed":false,"footnotes":""},"categories":[8,3],"tags":[368,2089,294,2095],"coauthors":[1883],"class_list":["post-56689","post","type-post","status-publish","format-standard","has-post-thumbnail","hentry","category-noticia","category-cuba","tag-huracan","tag-melissa","tag-sistema-meteorologico","tag-unicef"],"acf":[],"_links":{"self":[{"href":"https:\/\/www.radiosanctispiritus.cu\/es\/wp-json\/wp\/v2\/posts\/56689","targetHints":{"allow":["GET"]}}],"collection":[{"href":"https:\/\/www.radiosanctispiritus.cu\/es\/wp-json\/wp\/v2\/posts"}],"about":[{"href":"https:\/\/www.radiosanctispiritus.cu\/es\/wp-json\/wp\/v2\/types\/post"}],"author":[{"embeddable":true,"href":"https:\/\/www.radiosanctispiritus.cu\/es\/wp-json\/wp\/v2\/users\/4"}],"replies":[{"embeddable":true,"href":"https:\/\/www.radiosanctispiritus.cu\/es\/wp-json\/wp\/v2\/comments?post=56689"}],"version-history":[{"count":2,"href":"https:\/\/www.radiosanctispiritus.cu\/es\/wp-json\/wp\/v2\/posts\/56689\/revisions"}],"predecessor-version":[{"id":56691,"href":"https:\/\/www.radiosanctispiritus.cu\/es\/wp-json\/wp\/v2\/posts\/56689\/revisions\/56691"}],"wp:featuredmedia":[{"embeddable":true,"href":"https:\/\/www.radiosanctispiritus.cu\/es\/wp-json\/wp\/v2\/media\/10081"}],"wp:attachment":[{"href":"https:\/\/www.radiosanctispiritus.cu\/es\/wp-json\/wp\/v2\/media?parent=56689"}],"wp:term":[{"taxonomy":"category","embeddable":true,"href":"https:\/\/www.radiosanctispiritus.cu\/es\/wp-json\/wp\/v2\/categories?post=56689"},{"taxonomy":"post_tag","embeddable":true,"href":"https:\/\/www.radiosanctispiritus.cu\/es\/wp-json\/wp\/v2\/tags?post=56689"},{"taxonomy":"author","embeddable":true,"href":"https:\/\/www.radiosanctispiritus.cu\/es\/wp-json\/wp\/v2\/coauthors?post=56689"}],"curies":[{"name":"wp","href":"https:\/\/api.w.org\/{rel}","templated":true}]}}