{"id":56686,"date":"2025-10-29T09:18:00","date_gmt":"2025-10-29T13:18:00","guid":{"rendered":"https:\/\/www.radiosanctispiritus.cu\/es\/?p=56686"},"modified":"2025-10-29T09:18:00","modified_gmt":"2025-10-29T13:18:00","slug":"cuba-anticipa-su-33-a-victoria-consecutiva-en-la-onu-contra-el-bloqueo-estadounidense","status":"publish","type":"post","link":"https:\/\/www.radiosanctispiritus.cu\/es\/cuba-anticipa-su-33-a-victoria-consecutiva-en-la-onu-contra-el-bloqueo-estadounidense\/","title":{"rendered":"Cuba anticipa su 33.\u00aa victoria consecutiva en la ONU contra el bloqueo estadounidense"},"content":{"rendered":"<p>En medio de una intensa ofensiva diplom\u00e1tica liderada por el gobierno de Estados Unidos, Cuba se prepara para lograr hoy su trig\u00e9simo tercera victoria consecutiva en la Asamblea General de las Naciones Unidas contra el bloqueo econ\u00f3mico, comercial y financiero impuesto por Washington desde hace m\u00e1s de seis d\u00e9cadas. <\/p>\n<p>El canciller cubano, Bruno Rodr\u00edguez Parrilla, denunci\u00f3 desde la sede de la ONU en Nueva York una \u201ccampa\u00f1a brutal de presiones pol\u00edtico-diplom\u00e1ticas\u201d orquestada por altos funcionarios estadounidenses, incluyendo al secretario de Estado, Marco Rubio, y a embajadores en distintas regiones del mundo. Seg\u00fan Rodr\u00edguez, el objetivo es \u201cimponer su torcida e injusta voluntad a gobiernos soberanos\u201d, especialmente en Europa, mediante una \u201cofensiva t\u00f3xica\u201d en redes sociales y comunicados oficiales del Departamento de Estado. <\/p>\n<p>Durante la primera jornada del debate, celebrada el 28 de octubre, el ministro de Relaciones Exteriores destac\u00f3 que \u201cpr\u00e1cticamente todos los Estados miembros, salvo una decena, se han pronunciado a favor del levantamiento inmediato e incondicional del bloqueo\u201d, al que calific\u00f3 como una pol\u00edtica \u201cgenocida\u201d, contraria al derecho internacional y a los derechos humanos del pueblo cubano. <\/p>\n<p>La intervenci\u00f3n del representante permanente de Estados Unidos ante la ONU, Michael Waltz, fue calificada por la delegaci\u00f3n cubana como \u201cinusualmente agresiva y calumniosa\u201d, al punto que debi\u00f3 ser llamado al orden durante la sesi\u00f3n plenaria. <\/p>\n<p>El respaldo internacional a la causa cubana ha sido abrumador en las \u00faltimas d\u00e9cadas. En 2024, la resoluci\u00f3n contra el bloqueo obtuvo 187 votos a favor, frente a solo dos en contra: Estados Unidos e Israel. Las cifras oficiales revelan que los da\u00f1os econ\u00f3micos causados por esta pol\u00edtica alcanzaron los 7\u202f556 millones de d\u00f3lares en el \u00faltimo a\u00f1o, un incremento del 49% respecto al per\u00edodo anterior. <\/p>\n<p>En medio del debate en Nueva York, el canciller Rodr\u00edguez tambi\u00e9n agradeci\u00f3 las muestras de solidaridad internacional ante la inminente llegada del hurac\u00e1n Melissa a la regi\u00f3n oriental de Cuba, as\u00ed como el apoyo expresado a otros pa\u00edses caribe\u00f1os afectados por el fen\u00f3meno meteorol\u00f3gico. <\/p>\n<p>Con esta nueva votaci\u00f3n, la comunidad internacional reafirma, una vez m\u00e1s, su rechazo un\u00e1nime a una medida que, seg\u00fan La Habana, constituye el principal obst\u00e1culo para el desarrollo econ\u00f3mico y social de la naci\u00f3n. <\/p>\n","protected":false},"excerpt":{"rendered":"<p>En medio de una intensa ofensiva diplom\u00e1tica liderada por el gobierno de Estados Unidos, Cuba se prepara para lograr hoy su trig\u00e9simo tercera victoria consecutiva en la Asamblea General de las Naciones Unidas contra el bloqueo econ\u00f3mico, comercial y financiero impuesto por Washington desde hace m\u00e1s de seis d\u00e9cadas. <\/p>\n","protected":false},"author":4,"featured_media":56596,"comment_status":"open","ping_status":"open","sticky":false,"template":"","format":"standard","meta":{"_acf_changed":false,"footnotes":""},"categories":[8,3,4],"tags":[1454,48,420],"coauthors":[1883],"class_list":["post-56686","post","type-post","status-publish","format-standard","has-post-thumbnail","hentry","category-noticia","category-cuba","category-internacionales","tag-asamblea-general-de-las-naciones-unidas","tag-bloqueo-contra-cuba","tag-cuba-bloqueo"],"acf":[],"_links":{"self":[{"href":"https:\/\/www.radiosanctispiritus.cu\/es\/wp-json\/wp\/v2\/posts\/56686","targetHints":{"allow":["GET"]}}],"collection":[{"href":"https:\/\/www.radiosanctispiritus.cu\/es\/wp-json\/wp\/v2\/posts"}],"about":[{"href":"https:\/\/www.radiosanctispiritus.cu\/es\/wp-json\/wp\/v2\/types\/post"}],"author":[{"embeddable":true,"href":"https:\/\/www.radiosanctispiritus.cu\/es\/wp-json\/wp\/v2\/users\/4"}],"replies":[{"embeddable":true,"href":"https:\/\/www.radiosanctispiritus.cu\/es\/wp-json\/wp\/v2\/comments?post=56686"}],"version-history":[{"count":2,"href":"https:\/\/www.radiosanctispiritus.cu\/es\/wp-json\/wp\/v2\/posts\/56686\/revisions"}],"predecessor-version":[{"id":56688,"href":"https:\/\/www.radiosanctispiritus.cu\/es\/wp-json\/wp\/v2\/posts\/56686\/revisions\/56688"}],"wp:featuredmedia":[{"embeddable":true,"href":"https:\/\/www.radiosanctispiritus.cu\/es\/wp-json\/wp\/v2\/media\/56596"}],"wp:attachment":[{"href":"https:\/\/www.radiosanctispiritus.cu\/es\/wp-json\/wp\/v2\/media?parent=56686"}],"wp:term":[{"taxonomy":"category","embeddable":true,"href":"https:\/\/www.radiosanctispiritus.cu\/es\/wp-json\/wp\/v2\/categories?post=56686"},{"taxonomy":"post_tag","embeddable":true,"href":"https:\/\/www.radiosanctispiritus.cu\/es\/wp-json\/wp\/v2\/tags?post=56686"},{"taxonomy":"author","embeddable":true,"href":"https:\/\/www.radiosanctispiritus.cu\/es\/wp-json\/wp\/v2\/coauthors?post=56686"}],"curies":[{"name":"wp","href":"https:\/\/api.w.org\/{rel}","templated":true}]}}