{"id":56674,"date":"2025-10-29T03:58:05","date_gmt":"2025-10-29T07:58:05","guid":{"rendered":"https:\/\/www.radiosanctispiritus.cu\/es\/?p=56674"},"modified":"2025-10-29T04:14:42","modified_gmt":"2025-10-29T08:14:42","slug":"huracan-melissa-toca-tierra-cubana-por-playa-el-frances-en-guama","status":"publish","type":"post","link":"https:\/\/www.radiosanctispiritus.cu\/es\/huracan-melissa-toca-tierra-cubana-por-playa-el-frances-en-guama\/","title":{"rendered":"Hurac\u00e1n Melissa toca tierra cubana por playa El Franc\u00e9s, en Guam\u00e1"},"content":{"rendered":"<p>El hurac\u00e1n Melissa toc\u00f3 tierra cubana este mi\u00e9rcoles con categor\u00eda 3 en la Escala Saffir-Simpson, y vientos sostenidos de hasta 205 kil\u00f3metros por hora y r\u00e1fagas superiores.<\/p>\n<p>La pared del ojo de Melissa impact\u00f3 pasadas las 03:00 de este mi\u00e9rcoles el municipio Guam\u00e1, en Santiago de Cuba, espec\u00edficamente en playa El Franc\u00e9s.<\/p>\n<p>Especialistas advierten que este evento hidrometereol\u00f3gico es un poderoso cicl\u00f3n que genera intensas lluvias y marejadas en las zonas costeras.<\/p>\n<p>Los vientos de fuerza huracanada se extienden hasta 45 kil\u00f3metros desde el centro, mientras que los vientos de tormenta tropical alcanzan hasta 315.<\/p>\n<p>Melissa se convirti\u00f3 este martes en el tercer hurac\u00e1n m\u00e1s intenso registrado en la cuenca del Atl\u00e1ntico norte, tras alcanzar vientos m\u00e1ximos sostenidos de hasta 295 kil\u00f3metros por hora, mientras la presi\u00f3n central descend\u00eda a 892 hectoPascal.<\/p>\n<p>La relaci\u00f3n la encabeza el hurac\u00e1n Wilma, de octubre de 2005, con una presi\u00f3n m\u00ednima de 882 hPa, seguido de Gilbert (septiembre de 1988), que tuvo 888 hPa, seg\u00fan la edici\u00f3n digital del diario Granma.<\/p>\n<p>El actual sistema cicl\u00f3nico se ubica en tercer lugar igualado con el llamado Hurac\u00e1n del D\u00eda del Trabajo (septiembre de 1935), cuyo valor de presi\u00f3n m\u00ednima fue de 892 hPa.<\/p>\n<p>Previamente, Melissa caus\u00f3 grandes afectaciones en Jamaica al tocar tierra como hurac\u00e1n de categor\u00eda 5, con vientos de casi 300 km\/h.<\/p>\n<p><strong>Lluvias intensas en Santiago de Cuba<\/strong><\/p>\n<div class=\"section-body\">\n<p>A las 2 y 4o de la madrugada de este mi\u00e9rcoles, el sitio digital Cubadebate public\u00f3 un reporte sobre los mayores registros de lluvias en las \u00faltimas 14 horas en Santiago de Cuba:<\/p>\n<p>Chivirico: 313.0 mm, Cruce de los Ba\u00f1os: 300.1 mm, Gran Piedra: 288.9 mm, El Cristo: 274.4 mm, El Cobre: 267.4 mm, La Maya: 261.1 mm, Los Reynaldos: 210.4 mm, Los Negros: 208.5 mm, Presa Hatillo: 205.5 mm, Presa Charco Mono: 233.4 mm, Ciudad de Santiago de Cuba: 234.1 y 216.3 mm, Mangos de Baragu\u00e1: 119.0 mm, El Caney: 103.2 mm, Micro 7: 161.6 mm, Correo Palma Soriano: 157.2 mm, Ocujal: 166.8 mm, Uvero: 167.5 mm, Aserradero: 159.1 mm.<\/p>\n<p><strong>Granma presenta complejo panorama por lluvias sostenidas e intensas<\/strong><\/p>\n<div class=\"section-body\">\n<p>La Presidenta del Consejo de Defensa Provincial de Granma, Yudelkis Ortiz Barcel\u00f3, inform\u00f3 mediante llamada telef\u00f3nica al Canal Caribe:<\/p>\n<p>\u00abMantengo desde el Centro de direcci\u00f3n en Provincia Granma comunicaci\u00f3n con los presidentes de los Consejos de Defensa Municipal, quienes me han ofrecido una actualizaci\u00f3n de la situaci\u00f3n de cada territorio\u00bb.<\/p>\n<ul>\n<li>Se mantienen en toda la provincia lluvias sostenidas e intensas.<\/li>\n<li>Se intensifican los vientos, con m\u00e1s fuerza en Campechuela, Media Luna, Pil\u00f3n y Niquero.<\/li>\n<li>En Jiguan\u00ed ya sobrepas\u00f3 el agua el puente.<\/li>\n<li>En el vertimiento de la Presa Corojo se han alcanzado 1 232.7 metros c\u00fabicos por segundo<\/li>\n<li>Presa Paso Malo en Bartolom\u00e9 Mas\u00f3 340.9 metros c\u00fabicos por segundo.<\/li>\n<li>Cauto del Paso con 900 metros c\u00fabicos por segundo.<\/li>\n<\/ul>\n<p>&nbsp;<\/p>\n<\/div>\n<\/div>\n","protected":false},"excerpt":{"rendered":"<p>La pared del ojo de Melissa impact\u00f3 pasadas las 03:00 de este mi\u00e9rcoles el municipio Guam\u00e1, en Santiago de Cuba, espec\u00edficamente en playa El Franc\u00e9s.<\/p>\n","protected":false},"author":22,"featured_media":56672,"comment_status":"open","ping_status":"open","sticky":false,"template":"","format":"standard","meta":{"_acf_changed":false,"footnotes":""},"categories":[8,3],"tags":[95,368,2089,112],"coauthors":[1882],"class_list":["post-56674","post","type-post","status-publish","format-standard","has-post-thumbnail","hentry","category-noticia","category-cuba","tag-defensa-civil","tag-huracan","tag-melissa","tag-meteorologia"],"acf":[],"_links":{"self":[{"href":"https:\/\/www.radiosanctispiritus.cu\/es\/wp-json\/wp\/v2\/posts\/56674","targetHints":{"allow":["GET"]}}],"collection":[{"href":"https:\/\/www.radiosanctispiritus.cu\/es\/wp-json\/wp\/v2\/posts"}],"about":[{"href":"https:\/\/www.radiosanctispiritus.cu\/es\/wp-json\/wp\/v2\/types\/post"}],"author":[{"embeddable":true,"href":"https:\/\/www.radiosanctispiritus.cu\/es\/wp-json\/wp\/v2\/users\/22"}],"replies":[{"embeddable":true,"href":"https:\/\/www.radiosanctispiritus.cu\/es\/wp-json\/wp\/v2\/comments?post=56674"}],"version-history":[{"count":4,"href":"https:\/\/www.radiosanctispiritus.cu\/es\/wp-json\/wp\/v2\/posts\/56674\/revisions"}],"predecessor-version":[{"id":56679,"href":"https:\/\/www.radiosanctispiritus.cu\/es\/wp-json\/wp\/v2\/posts\/56674\/revisions\/56679"}],"wp:featuredmedia":[{"embeddable":true,"href":"https:\/\/www.radiosanctispiritus.cu\/es\/wp-json\/wp\/v2\/media\/56672"}],"wp:attachment":[{"href":"https:\/\/www.radiosanctispiritus.cu\/es\/wp-json\/wp\/v2\/media?parent=56674"}],"wp:term":[{"taxonomy":"category","embeddable":true,"href":"https:\/\/www.radiosanctispiritus.cu\/es\/wp-json\/wp\/v2\/categories?post=56674"},{"taxonomy":"post_tag","embeddable":true,"href":"https:\/\/www.radiosanctispiritus.cu\/es\/wp-json\/wp\/v2\/tags?post=56674"},{"taxonomy":"author","embeddable":true,"href":"https:\/\/www.radiosanctispiritus.cu\/es\/wp-json\/wp\/v2\/coauthors?post=56674"}],"curies":[{"name":"wp","href":"https:\/\/api.w.org\/{rel}","templated":true}]}}