{"id":56604,"date":"2025-10-28T12:44:31","date_gmt":"2025-10-28T16:44:31","guid":{"rendered":"https:\/\/www.radiosanctispiritus.cu\/es\/?p=56604"},"modified":"2025-10-28T13:49:47","modified_gmt":"2025-10-28T17:49:47","slug":"huracan-melissa-penetra-por-el-sur-de-jamaica","status":"publish","type":"post","link":"https:\/\/www.radiosanctispiritus.cu\/es\/huracan-melissa-penetra-por-el-sur-de-jamaica\/","title":{"rendered":"Hurac\u00e1n Melissa penetra por el sur de Jamaica"},"content":{"rendered":"<p>El hurac\u00e1n Melissa durante las \u00faltimas horas ha ganado m\u00e1s en intensidad, pues sus vientos m\u00e1ximos sostenidos han aumentado hasta 295 kil\u00f3metros por hora, con rachas superiores y su presi\u00f3n central descendi\u00f3 hasta 892 hectoPascal. Por lo que se mantiene como un peligroso hurac\u00e1n de gran intensidad, categor\u00eda cinco en la escala Saffir-Simpson.<\/p>\n<p>Al mediod\u00eda de hoy el centro del hurac\u00e1n Melissa se observ\u00f3 penetrando por la costa sur de Jamaica. Su regi\u00f3n central se localiz\u00f3 en los 18.0 grados de latitud Norte y los 78.0 grados de longitud Oeste, posici\u00f3n que lo sit\u00faa a unos 50 kil\u00f3metros al sur de Montego Bay, Jamaica, a 205 kil\u00f3metros al sur de Cabo Cruz, Granma y a 320 kil\u00f3metros al suroeste de la ciudad de Santiago de Cuba. Melissa contin\u00faa movi\u00e9ndose al norte-nordeste y ha incrementado ligeramente su velocidad de traslaci\u00f3n a 15 kil\u00f3metros por hora.<\/p>\n<p>En las pr\u00f3ximas 24 horas se espera que el hurac\u00e1n Melissa incline su trayectoria m\u00e1s hacia el nordeste, aumentando gradualmente su velocidad de traslaci\u00f3n. Durante la tarde \u2013 noche de hoy Melissa se ir\u00e1 aproximando a la costa sur de la regi\u00f3n oriental de Cuba. El hurac\u00e1n Melissa experimentar\u00e1 fluctuaciones en su intensidad, no obstante, se mantendr\u00e1 como un hurac\u00e1n de gran intensidad a su paso por Cuba.<\/p>\n<div id=\"attachment_56609\" style=\"width: 610px\" class=\"wp-caption aligncenter\"><img decoding=\"async\" aria-describedby=\"caption-attachment-56609\" class=\"size-medium wp-image-56609\" src=\"https:\/\/www.radiosanctispiritus.cu\/es\/wp-content\/uploads\/4902682500006611783-600x488.jpg\" alt=\"\" width=\"600\" height=\"488\" srcset=\"https:\/\/www.radiosanctispiritus.cu\/es\/wp-content\/uploads\/4902682500006611783-600x488.jpg 600w, https:\/\/www.radiosanctispiritus.cu\/es\/wp-content\/uploads\/4902682500006611783-768x624.jpg 768w, https:\/\/www.radiosanctispiritus.cu\/es\/wp-content\/uploads\/4902682500006611783.jpg 876w\" sizes=\"(max-width: 600px) 100vw, 600px\" \/><p id=\"caption-attachment-56609\" class=\"wp-caption-text\">Cono de trayectoria actualizado<\/p><\/div>\n<p>Las bandas externas de este hurac\u00e1n ya afectan la regi\u00f3n oriental de Cuba, generando chubascos y lluvias, que llegar\u00e1n a ser numerosas desde la tarde desde Camag\u00fcey hasta Guant\u00e1namo. Las precipitaciones ser\u00e1n fuertes e intensas en algunas localidades, principalmente en zonas monta\u00f1osas, con acumulados entre 200 y 450 mil\u00edmetros en las pr\u00f3ximas 24 horas. Los vientos ser\u00e1n del nordeste al este en gran parte del pa\u00eds, con velocidades en la tarde entre 35 y 50 kil\u00f3metros por hora en las provincias orientales, con rachas superiores, que se incrementar\u00e1n a fuerza de tormenta tropical desde las primeras horas de la noche. Se mantendr\u00e1n las fuertes marejadas con olas entre 2,5 a 4,0 metros en los mares al sur de las provincias de Granma, Santiago de Cuba y Guant\u00e1namo durante la tarde, las que se incrementar\u00e1n a alturas entre 4,0 y 6,0 metros a partir de las primeras horas de la noche de hoy, con inundaciones de moderadas a fuertes en zonas bajas de este litoral.<\/p>\n<p>El Centro de Pron\u00f3sticos del Instituto de Meteorolog\u00eda mantiene una estrecha vigilancia sobre la evoluci\u00f3n y futura trayectoria de este hurac\u00e1n de gran intensidad.<\/p>\n<p>El pr\u00f3ximo aviso de cicl\u00f3n tropical se emitir\u00e1 a las seis de la tarde hoy martes.<\/p>\n","protected":false},"excerpt":{"rendered":"<p>El hurac\u00e1n Melissa durante las \u00faltimas horas ha ganado m\u00e1s en intensidad, pues sus vientos m\u00e1ximos sostenidos han aumentado hasta 295 kil\u00f3metros por hora, con rachas superiores y su presi\u00f3n central descendi\u00f3 hasta 892 hectoPascal. Por lo que se mantiene como un peligroso hurac\u00e1n de gran intensidad, categor\u00eda cinco en la escala Saffir-Simpson.<\/p>\n","protected":false},"author":4,"featured_media":56598,"comment_status":"open","ping_status":"open","sticky":false,"template":"","format":"standard","meta":{"_acf_changed":false,"footnotes":""},"categories":[8,3],"tags":[95,368,2089,112],"coauthors":[1883],"class_list":["post-56604","post","type-post","status-publish","format-standard","has-post-thumbnail","hentry","category-noticia","category-cuba","tag-defensa-civil","tag-huracan","tag-melissa","tag-meteorologia"],"acf":[],"_links":{"self":[{"href":"https:\/\/www.radiosanctispiritus.cu\/es\/wp-json\/wp\/v2\/posts\/56604","targetHints":{"allow":["GET"]}}],"collection":[{"href":"https:\/\/www.radiosanctispiritus.cu\/es\/wp-json\/wp\/v2\/posts"}],"about":[{"href":"https:\/\/www.radiosanctispiritus.cu\/es\/wp-json\/wp\/v2\/types\/post"}],"author":[{"embeddable":true,"href":"https:\/\/www.radiosanctispiritus.cu\/es\/wp-json\/wp\/v2\/users\/4"}],"replies":[{"embeddable":true,"href":"https:\/\/www.radiosanctispiritus.cu\/es\/wp-json\/wp\/v2\/comments?post=56604"}],"version-history":[{"count":5,"href":"https:\/\/www.radiosanctispiritus.cu\/es\/wp-json\/wp\/v2\/posts\/56604\/revisions"}],"predecessor-version":[{"id":56612,"href":"https:\/\/www.radiosanctispiritus.cu\/es\/wp-json\/wp\/v2\/posts\/56604\/revisions\/56612"}],"wp:featuredmedia":[{"embeddable":true,"href":"https:\/\/www.radiosanctispiritus.cu\/es\/wp-json\/wp\/v2\/media\/56598"}],"wp:attachment":[{"href":"https:\/\/www.radiosanctispiritus.cu\/es\/wp-json\/wp\/v2\/media?parent=56604"}],"wp:term":[{"taxonomy":"category","embeddable":true,"href":"https:\/\/www.radiosanctispiritus.cu\/es\/wp-json\/wp\/v2\/categories?post=56604"},{"taxonomy":"post_tag","embeddable":true,"href":"https:\/\/www.radiosanctispiritus.cu\/es\/wp-json\/wp\/v2\/tags?post=56604"},{"taxonomy":"author","embeddable":true,"href":"https:\/\/www.radiosanctispiritus.cu\/es\/wp-json\/wp\/v2\/coauthors?post=56604"}],"curies":[{"name":"wp","href":"https:\/\/api.w.org\/{rel}","templated":true}]}}