{"id":56550,"date":"2025-10-28T07:53:56","date_gmt":"2025-10-28T11:53:56","guid":{"rendered":"https:\/\/www.radiosanctispiritus.cu\/es\/?p=56550"},"modified":"2025-10-28T07:54:23","modified_gmt":"2025-10-28T11:54:23","slug":"cultura-espirituana-en-alerta-ante-probable-impacto-de-melissa","status":"publish","type":"post","link":"https:\/\/www.radiosanctispiritus.cu\/es\/cultura-espirituana-en-alerta-ante-probable-impacto-de-melissa\/","title":{"rendered":"Cultura espirituana en alerta ante probable impacto de Melissa"},"content":{"rendered":"<p>El Sistema Institucional de la Cultura en Sancti Sp\u00edritus ha activado un plan de protecci\u00f3n integral para salvaguardar sus bienes, muchos de ellos de valor patrimonial, ante la inminente llegada del hurac\u00e1n Melissa. <\/p>\n<p>En declaraciones a Radio Sancti Sp\u00edritus, Yoel P\u00e9rez, director provincial de Cultura y Arte, explic\u00f3 que se han tomado medidas en toda la red institucional. \u201cEn nuestras bibliotecas y en la librer\u00eda provincial, donde se custodia un fondo bibliogr\u00e1fico importante, se procedi\u00f3 a reubicar los materiales en zonas seguras dentro de las propias instalaciones, especialmente en \u00e1reas con techos de placa. Adem\u00e1s, en los espacios m\u00e1s vulnerables se cubrieron los fondos con mantas protectoras\u201d, detall\u00f3. <\/p>\n<p>La protecci\u00f3n tambi\u00e9n se extendi\u00f3 a los espacios audiovisuales. De los 16 cines y 8 salas de video con que cuenta la provincia, se reforzaron aquellas cuyas cubiertas son de zinc, a fin de evitar filtraciones o da\u00f1os estructurales. <\/p>\n<p>Una atenci\u00f3n especial se ha prestado a la Galer\u00eda Oscar Fernando Morera, cuya estructura presenta afectaciones previas. \u201cUna parte de la galer\u00eda est\u00e1 en proceso de inversi\u00f3n, pero las obras que all\u00ed se encontraban ya han sido trasladadas a lugares seguros\u201d, asegur\u00f3 P\u00e9rez. <\/p>\n<p>Adem\u00e1s de las acciones preventivas, el sector cultural se mantiene en disposici\u00f3n de colaborar con otras regiones del pa\u00eds. \u201cEstamos preparados para enviar brigadas art\u00edsticas en apoyo a la recuperaci\u00f3n del oriente cubano tras el paso de Melissa, tal como lo hicimos anteriormente con Guant\u00e1namo\u201d, afirm\u00f3 el director, destacando la solidaridad del talento espirituano en momentos de emergencia. <\/p>\n<p>Con estas medidas, el sector cultural de Sancti Sp\u00edritus refuerza su compromiso con la preservaci\u00f3n del patrimonio y la respuesta solidaria ante desastres naturales. <\/p>\n<p><iframe src=\"https:\/\/www.ivoox.com\/player_ej_161367092_6_1.html?c1=7a0d0b\" width=\"100%\" height=\"200\" frameborder=\"0\" allowfullscreen=\"\" scrolling=\"no\" loading=\"lazy\"><\/iframe><\/p>\n","protected":false},"excerpt":{"rendered":"<p>El Sistema Institucional de la Cultura en Sancti Sp\u00edritus ha activado un plan de protecci\u00f3n integral para salvaguardar sus bienes, muchos de ellos de valor patrimonial, ante la inminente llegada del hurac\u00e1n Melissa.<\/p>\n","protected":false},"author":12,"featured_media":56027,"comment_status":"open","ping_status":"open","sticky":false,"template":"","format":"standard","meta":{"_acf_changed":false,"footnotes":""},"categories":[8,6,9,1],"tags":[360,368,2089,294],"coauthors":[1864],"class_list":["post-56550","post","type-post","status-publish","format-standard","has-post-thumbnail","hentry","category-noticia","category-cultura","category-en-audio","category-sancti-spiritus","tag-cultura-espirituana","tag-huracan","tag-melissa","tag-sistema-meteorologico"],"acf":[],"_links":{"self":[{"href":"https:\/\/www.radiosanctispiritus.cu\/es\/wp-json\/wp\/v2\/posts\/56550","targetHints":{"allow":["GET"]}}],"collection":[{"href":"https:\/\/www.radiosanctispiritus.cu\/es\/wp-json\/wp\/v2\/posts"}],"about":[{"href":"https:\/\/www.radiosanctispiritus.cu\/es\/wp-json\/wp\/v2\/types\/post"}],"author":[{"embeddable":true,"href":"https:\/\/www.radiosanctispiritus.cu\/es\/wp-json\/wp\/v2\/users\/12"}],"replies":[{"embeddable":true,"href":"https:\/\/www.radiosanctispiritus.cu\/es\/wp-json\/wp\/v2\/comments?post=56550"}],"version-history":[{"count":2,"href":"https:\/\/www.radiosanctispiritus.cu\/es\/wp-json\/wp\/v2\/posts\/56550\/revisions"}],"predecessor-version":[{"id":56552,"href":"https:\/\/www.radiosanctispiritus.cu\/es\/wp-json\/wp\/v2\/posts\/56550\/revisions\/56552"}],"wp:featuredmedia":[{"embeddable":true,"href":"https:\/\/www.radiosanctispiritus.cu\/es\/wp-json\/wp\/v2\/media\/56027"}],"wp:attachment":[{"href":"https:\/\/www.radiosanctispiritus.cu\/es\/wp-json\/wp\/v2\/media?parent=56550"}],"wp:term":[{"taxonomy":"category","embeddable":true,"href":"https:\/\/www.radiosanctispiritus.cu\/es\/wp-json\/wp\/v2\/categories?post=56550"},{"taxonomy":"post_tag","embeddable":true,"href":"https:\/\/www.radiosanctispiritus.cu\/es\/wp-json\/wp\/v2\/tags?post=56550"},{"taxonomy":"author","embeddable":true,"href":"https:\/\/www.radiosanctispiritus.cu\/es\/wp-json\/wp\/v2\/coauthors?post=56550"}],"curies":[{"name":"wp","href":"https:\/\/api.w.org\/{rel}","templated":true}]}}