{"id":56536,"date":"2025-10-28T07:18:55","date_gmt":"2025-10-28T11:18:55","guid":{"rendered":"https:\/\/www.radiosanctispiritus.cu\/es\/?p=56536"},"modified":"2025-10-28T07:32:12","modified_gmt":"2025-10-28T11:32:12","slug":"sancti-spiritus-activa-protocolo-sanitario-ante-amenazas-de-melissa","status":"publish","type":"post","link":"https:\/\/www.radiosanctispiritus.cu\/es\/sancti-spiritus-activa-protocolo-sanitario-ante-amenazas-de-melissa\/","title":{"rendered":"Sancti Sp\u00edritus activa protocolo sanitario ante amenazas de Melissa"},"content":{"rendered":"<p>El sistema de salud p\u00fablica en la provincia de Sancti Sp\u00edritus activ\u00f3, este lunes, un conjunto de medidas para garantizar la continuidad de los servicios m\u00e9dicos esenciales, en correspondencia con las orientaciones emitidas por la Defensa Civil para la fase de alerta cicl\u00f3nica.<\/p>\n<p>De acuerdo con Francisco Fern\u00e1ndez Quintero, director general de Salud en el territorio, la prioridad es garantizar la protecci\u00f3n y atenci\u00f3n m\u00e9dica de las embarazadas y los ni\u00f1os menores de UN a\u00f1o, considerados grupos de mayor vulnerabilidad.<\/p>\n<p>Seg\u00fan Fern\u00e1ndez Quintero, se han movilizado los recursos humanos y materiales necesarios para asegurar la atenci\u00f3n m\u00e9dica en todos los niveles del sistema, con \u00e9nfasis en las \u00e1reas de urgencias.<\/p>\n<p>Las acciones desplegadas, este lunes en Sancti Sp\u00edritus, refuerzan la capacidad de respuesta del territorio y evidencian la voluntad de preservar la atenci\u00f3n m\u00e9dica continua.<\/p>\n<p><iframe src=\"https:\/\/www.ivoox.com\/player_ej_161379812_6_1.html?c1=7a0d0b\" width=\"100%\" height=\"200\" frameborder=\"0\" allowfullscreen=\"\" scrolling=\"no\" loading=\"lazy\"><\/iframe><\/p>\n","protected":false},"excerpt":{"rendered":"<p>El sistema de salud p\u00fablica en la provincia de Sancti Sp\u00edritus activ\u00f3, este lunes, un conjunto de medidas para garantizar la continuidad de los servicios m\u00e9dicos esenciales, en correspondencia con las orientaciones emitidas por la Defensa Civil para la fase de alerta cicl\u00f3nica.<\/p>\n","protected":false},"author":29,"featured_media":56496,"comment_status":"open","ping_status":"open","sticky":false,"template":"","format":"standard","meta":{"_acf_changed":false,"footnotes":""},"categories":[8,9,5,1],"tags":[1283,368,2089,385,1780,294],"coauthors":[1856],"class_list":["post-56536","post","type-post","status-publish","format-standard","has-post-thumbnail","hentry","category-noticia","category-en-audio","category-salud","category-sancti-spiritus","tag-hospital","tag-huracan","tag-melissa","tag-salud-publica","tag-sancti-spiritus","tag-sistema-meteorologico"],"acf":[],"_links":{"self":[{"href":"https:\/\/www.radiosanctispiritus.cu\/es\/wp-json\/wp\/v2\/posts\/56536","targetHints":{"allow":["GET"]}}],"collection":[{"href":"https:\/\/www.radiosanctispiritus.cu\/es\/wp-json\/wp\/v2\/posts"}],"about":[{"href":"https:\/\/www.radiosanctispiritus.cu\/es\/wp-json\/wp\/v2\/types\/post"}],"author":[{"embeddable":true,"href":"https:\/\/www.radiosanctispiritus.cu\/es\/wp-json\/wp\/v2\/users\/29"}],"replies":[{"embeddable":true,"href":"https:\/\/www.radiosanctispiritus.cu\/es\/wp-json\/wp\/v2\/comments?post=56536"}],"version-history":[{"count":2,"href":"https:\/\/www.radiosanctispiritus.cu\/es\/wp-json\/wp\/v2\/posts\/56536\/revisions"}],"predecessor-version":[{"id":56538,"href":"https:\/\/www.radiosanctispiritus.cu\/es\/wp-json\/wp\/v2\/posts\/56536\/revisions\/56538"}],"wp:featuredmedia":[{"embeddable":true,"href":"https:\/\/www.radiosanctispiritus.cu\/es\/wp-json\/wp\/v2\/media\/56496"}],"wp:attachment":[{"href":"https:\/\/www.radiosanctispiritus.cu\/es\/wp-json\/wp\/v2\/media?parent=56536"}],"wp:term":[{"taxonomy":"category","embeddable":true,"href":"https:\/\/www.radiosanctispiritus.cu\/es\/wp-json\/wp\/v2\/categories?post=56536"},{"taxonomy":"post_tag","embeddable":true,"href":"https:\/\/www.radiosanctispiritus.cu\/es\/wp-json\/wp\/v2\/tags?post=56536"},{"taxonomy":"author","embeddable":true,"href":"https:\/\/www.radiosanctispiritus.cu\/es\/wp-json\/wp\/v2\/coauthors?post=56536"}],"curies":[{"name":"wp","href":"https:\/\/api.w.org\/{rel}","templated":true}]}}