{"id":56531,"date":"2025-10-28T07:20:16","date_gmt":"2025-10-28T11:20:16","guid":{"rendered":"https:\/\/www.radiosanctispiritus.cu\/es\/?p=56531"},"modified":"2025-10-28T11:56:11","modified_gmt":"2025-10-28T15:56:11","slug":"aviso-de-ciclon-tropical-no-18-melissa-se-acerca-al-extremo-oeste-de-jamaica","status":"publish","type":"post","link":"https:\/\/www.radiosanctispiritus.cu\/es\/aviso-de-ciclon-tropical-no-18-melissa-se-acerca-al-extremo-oeste-de-jamaica\/","title":{"rendered":"Meteorolog\u00eda actualiza: Melissa se acerca al extremo oeste de Jamaica"},"content":{"rendered":"<p>El hurac\u00e1n Melissa durante las \u00faltimas horas se ha mantenido con poco cambio en su intensidad. Sus vientos m\u00e1ximos sostenidos contin\u00faan siendo de 280 kil\u00f3metros por hora, con rachas superiores y su presi\u00f3n central descendi\u00f3 hasta 901 hectoPascal, por lo que se mantiene como un hurac\u00e1n de gran intensidad, categor\u00eda cinco en la escala Saffir-Simpson.<\/p>\n<p>A las seis de la ma\u00f1ana de hoy el ojo del hurac\u00e1n Melissa fue estimado en los 17.3 grados de latitud Norte y los 78.3 grados de longitud Oeste, posici\u00f3n que lo sit\u00faa a unos 170 kil\u00f3metros al oeste-suroeste de Kingston, Jamaica, a 285 kil\u00f3metros al sur-suroeste de Cabo Cruz, Granma y a 400 kil\u00f3metros al suroeste de la ciudad de Santiago de Cuba. Melissa contin\u00faa movi\u00e9ndose al norte-nordeste y ha incrementado ligeramente su velocidad de traslaci\u00f3n a siete kil\u00f3metros por hora.<\/p>\n<p>En las pr\u00f3ximas 24 horas se espera que el hurac\u00e1n incline su trayectoria gradualmente hacia el nordeste, aumentando su velocidad de traslaci\u00f3n. Seg\u00fan la trayectoria pronosticada, se espera que el ojo de Melissa se adentre en Jamaica durante la ma\u00f1ana de hoy, aproxim\u00e1ndose a la costa sur de la regi\u00f3n oriental de Cuba durante la noche de hoy y en la madrugada del mi\u00e9rcoles. Durante su trayectoria el hurac\u00e1n Melissa experimentar\u00e1 fluctuaciones en su intensidad, no obstante, se mantendr\u00e1 como un hurac\u00e1n de gran intensidad a su paso por Jamaica y Cuba.<\/p>\n<p><img decoding=\"async\" class=\"size-medium wp-image-56560 aligncenter\" src=\"https:\/\/www.radiosanctispiritus.cu\/es\/wp-content\/uploads\/4902641959810304778-600x338.jpg\" alt=\"\" width=\"600\" height=\"338\" srcset=\"https:\/\/www.radiosanctispiritus.cu\/es\/wp-content\/uploads\/4902641959810304778-600x338.jpg 600w, https:\/\/www.radiosanctispiritus.cu\/es\/wp-content\/uploads\/4902641959810304778-1024x576.jpg 1024w, https:\/\/www.radiosanctispiritus.cu\/es\/wp-content\/uploads\/4902641959810304778-768x432.jpg 768w, https:\/\/www.radiosanctispiritus.cu\/es\/wp-content\/uploads\/4902641959810304778-960x540.jpg 960w, https:\/\/www.radiosanctispiritus.cu\/es\/wp-content\/uploads\/4902641959810304778-605x340.jpg 605w, https:\/\/www.radiosanctispiritus.cu\/es\/wp-content\/uploads\/4902641959810304778-290x163.jpg 290w, https:\/\/www.radiosanctispiritus.cu\/es\/wp-content\/uploads\/4902641959810304778-460x259.jpg 460w, https:\/\/www.radiosanctispiritus.cu\/es\/wp-content\/uploads\/4902641959810304778.jpg 1280w\" sizes=\"(max-width: 600px) 100vw, 600px\" \/><\/p>\n<p>Las bandas externas de este hurac\u00e1n continuar\u00e1n incrementando los nublados y las precipitaciones durante el d\u00eda de hoy en la regi\u00f3n oriental de Cuba, las que pueden llegar a ser fuertes e intensas en algunas localidades, principalmente en zonas monta\u00f1osas. Los vientos ser\u00e1n del nordeste al este en gran parte del pa\u00eds, con velocidades en la tarde entre 35 y 50 kil\u00f3metros por hora en las provincias orientales, con rachas superiores, que se incrementar\u00e1n a fuerza de tormenta tropical en la noche. Se mantendr\u00e1n las fuertes marejadas con olas entre 2,5 a 4,0 metros en los mares al sur de las provincias de Granma, Santiago de Cuba y Guant\u00e1namo con inundaciones moderadas en zonas bajas de este litoral.<\/p>\n<p>El Centro de Pron\u00f3sticos del Instituto de Meteorolog\u00eda mantiene una estrecha vigilancia sobre la evoluci\u00f3n y futura trayectoria de este hurac\u00e1n de gran intensidad.<\/p>\n<p>El pr\u00f3ximo aviso de cicl\u00f3n tropical se emitir\u00e1 al mediod\u00eda de hoy martes.<\/p>\n","protected":false},"excerpt":{"rendered":"<p>Seg\u00fan la trayectoria pronosticada, se espera que el ojo de Melissa se adentre en Jamaica durante la ma\u00f1ana de este martes, aproxim\u00e1ndose a la costa sur de la regi\u00f3n oriental de Cuba durante la noche y en la madrugada del mi\u00e9rcoles.<\/p>\n","protected":false},"author":4,"featured_media":56598,"comment_status":"open","ping_status":"open","sticky":false,"template":"","format":"standard","meta":{"_acf_changed":false,"footnotes":""},"categories":[8,3],"tags":[368,2089,112,294],"coauthors":[1883],"class_list":["post-56531","post","type-post","status-publish","format-standard","has-post-thumbnail","hentry","category-noticia","category-cuba","tag-huracan","tag-melissa","tag-meteorologia","tag-sistema-meteorologico"],"acf":[],"_links":{"self":[{"href":"https:\/\/www.radiosanctispiritus.cu\/es\/wp-json\/wp\/v2\/posts\/56531","targetHints":{"allow":["GET"]}}],"collection":[{"href":"https:\/\/www.radiosanctispiritus.cu\/es\/wp-json\/wp\/v2\/posts"}],"about":[{"href":"https:\/\/www.radiosanctispiritus.cu\/es\/wp-json\/wp\/v2\/types\/post"}],"author":[{"embeddable":true,"href":"https:\/\/www.radiosanctispiritus.cu\/es\/wp-json\/wp\/v2\/users\/4"}],"replies":[{"embeddable":true,"href":"https:\/\/www.radiosanctispiritus.cu\/es\/wp-json\/wp\/v2\/comments?post=56531"}],"version-history":[{"count":5,"href":"https:\/\/www.radiosanctispiritus.cu\/es\/wp-json\/wp\/v2\/posts\/56531\/revisions"}],"predecessor-version":[{"id":56582,"href":"https:\/\/www.radiosanctispiritus.cu\/es\/wp-json\/wp\/v2\/posts\/56531\/revisions\/56582"}],"wp:featuredmedia":[{"embeddable":true,"href":"https:\/\/www.radiosanctispiritus.cu\/es\/wp-json\/wp\/v2\/media\/56598"}],"wp:attachment":[{"href":"https:\/\/www.radiosanctispiritus.cu\/es\/wp-json\/wp\/v2\/media?parent=56531"}],"wp:term":[{"taxonomy":"category","embeddable":true,"href":"https:\/\/www.radiosanctispiritus.cu\/es\/wp-json\/wp\/v2\/categories?post=56531"},{"taxonomy":"post_tag","embeddable":true,"href":"https:\/\/www.radiosanctispiritus.cu\/es\/wp-json\/wp\/v2\/tags?post=56531"},{"taxonomy":"author","embeddable":true,"href":"https:\/\/www.radiosanctispiritus.cu\/es\/wp-json\/wp\/v2\/coauthors?post=56531"}],"curies":[{"name":"wp","href":"https:\/\/api.w.org\/{rel}","templated":true}]}}