{"id":56529,"date":"2025-10-27T20:05:52","date_gmt":"2025-10-28T00:05:52","guid":{"rendered":"https:\/\/www.radiosanctispiritus.cu\/es\/?p=56529"},"modified":"2025-10-28T00:09:14","modified_gmt":"2025-10-28T04:09:14","slug":"fase-de-alerta-cuando-la-preparacion-se-convierte-en-accion","status":"publish","type":"post","link":"https:\/\/www.radiosanctispiritus.cu\/es\/fase-de-alerta-cuando-la-preparacion-se-convierte-en-accion\/","title":{"rendered":"Fase de Alerta: cuando la preparaci\u00f3n se convierte en acci\u00f3n"},"content":{"rendered":"<p>Cuando la posibilidad de un fen\u00f3meno meteorol\u00f3gico o de otro evento de desastre deja de ser una simple probabilidad para convertirse en una amenaza concreta, Cuba activa la Fase de Alerta. Esta etapa representa un salto cualitativo en la preparaci\u00f3n: ya no se trata solo de estar informado, sino de actuar con decisi\u00f3n y disciplina para proteger vidas, bienes y servicios esenciales. Se declara cuando los \u00f3rganos t\u00e9cnicos determinan que el impacto del peligro es previsible en un plazo de 48 horas, y marca el momento en que la sociedad entera se moviliza en funci\u00f3n de la prevenci\u00f3n.<\/p>\n<p>En la Fase de Alerta, los Consejos de Defensa \u2014a nivel municipal, provincial y nacional\u2014 se activan en su composici\u00f3n completa. Presididos por los primeros secretarios del Partido Comunista en cada territorio, coordinan la movilizaci\u00f3n total de las fuerzas que participan en la respuesta: servicios de salud, electricidad, abasto, transporte, comunicaciones, fuerzas armadas, brigadas de emergencia y organizaciones de masas. Se puntualizan y ejecutan las medidas previstas en los planes de reducci\u00f3n del riesgo de desastres en su volumen total, asegurando que cada sector cumpla su rol con anticipaci\u00f3n y eficacia.<\/p>\n<p>Desde el punto de vista ciudadano, esta fase exige responsabilidad individual y solidaridad comunitaria. Se limita el movimiento de personas y medios de transporte que no est\u00e9n vinculados a tareas esenciales de Defensa Civil, y se suspenden actividades que puedan poner en riesgo la integridad f\u00edsica. Es el momento de completar los preparativos iniciados en la Fase Informativa: desinstalar antenas de televisi\u00f3n, paneles solares u otros elementos expuestos a los vientos; llenar y sellar herm\u00e9ticamente los dep\u00f3sitos de agua en las azoteas; y asegurar cultivos, semillas y especies zoot\u00e9cnicas sensibles, como aves, cr\u00edas porcinas, conejos o terneros.<\/p>\n<p>Si la protecci\u00f3n familiar debe realizarse fuera del hogar, se debe trasladar a los sitios designados dentro del plazo indicado por las autoridades, llevando consigo el bolso de emergencia y respetando estrictamente las normas higi\u00e9nicas y sanitarias. Es fundamental eliminar cualquier recipiente que pueda acumular agua y favorecer la proliferaci\u00f3n de mosquitos, especialmente en zonas donde circulan enfermedades transmitidas por vectores. En el \u00e1mbito rural, se refuerza la protecci\u00f3n del ganado y se revisan las condiciones de los corrales y cuartones.<\/p>\n<p>Quienes participan como observadores voluntarios o gestionan un Punto de Alerta Temprana asumen un rol clave: deben monitorear niveles de r\u00edos y micropresas cada tres horas, reportar cualquier cambio significativo y proteger sus equipos \u2014como los sistemas fotovoltaicos\u2014 traslad\u00e1ndolos a lugares elevados, secos y seguros de inundaciones o filtraciones.<\/p>\n<p>La Fase de Alerta no es un estado de emergencia, pero s\u00ed una llamada a la m\u00e1xima preparaci\u00f3n. Es la antesala de la acci\u00f3n inmediata, el momento en que la organizaci\u00f3n colectiva se convierte en escudo frente al desastre. Porque en Cuba la eficacia ante los fen\u00f3menos naturales no depende del azar, sino de la capacidad de anticiparse con rigor, disciplina y sentido de comunidad. Y esa capacidad se pone a prueba, precisamente, cuando suena la alerta.<\/p>\n","protected":false},"excerpt":{"rendered":"<p>Cuando la posibilidad de un fen\u00f3meno meteorol\u00f3gico o de otro evento de desastre deja de ser una simple probabilidad para convertirse en una amenaza concreta, Cuba activa la Fase de Alerta.<\/p>\n","protected":false},"author":4,"featured_media":56355,"comment_status":"open","ping_status":"open","sticky":false,"template":"","format":"standard","meta":{"_acf_changed":false,"footnotes":""},"categories":[8,3],"tags":[95,368],"coauthors":[1883],"class_list":["post-56529","post","type-post","status-publish","format-standard","has-post-thumbnail","hentry","category-noticia","category-cuba","tag-defensa-civil","tag-huracan"],"acf":[],"_links":{"self":[{"href":"https:\/\/www.radiosanctispiritus.cu\/es\/wp-json\/wp\/v2\/posts\/56529","targetHints":{"allow":["GET"]}}],"collection":[{"href":"https:\/\/www.radiosanctispiritus.cu\/es\/wp-json\/wp\/v2\/posts"}],"about":[{"href":"https:\/\/www.radiosanctispiritus.cu\/es\/wp-json\/wp\/v2\/types\/post"}],"author":[{"embeddable":true,"href":"https:\/\/www.radiosanctispiritus.cu\/es\/wp-json\/wp\/v2\/users\/4"}],"replies":[{"embeddable":true,"href":"https:\/\/www.radiosanctispiritus.cu\/es\/wp-json\/wp\/v2\/comments?post=56529"}],"version-history":[{"count":1,"href":"https:\/\/www.radiosanctispiritus.cu\/es\/wp-json\/wp\/v2\/posts\/56529\/revisions"}],"predecessor-version":[{"id":56530,"href":"https:\/\/www.radiosanctispiritus.cu\/es\/wp-json\/wp\/v2\/posts\/56529\/revisions\/56530"}],"wp:featuredmedia":[{"embeddable":true,"href":"https:\/\/www.radiosanctispiritus.cu\/es\/wp-json\/wp\/v2\/media\/56355"}],"wp:attachment":[{"href":"https:\/\/www.radiosanctispiritus.cu\/es\/wp-json\/wp\/v2\/media?parent=56529"}],"wp:term":[{"taxonomy":"category","embeddable":true,"href":"https:\/\/www.radiosanctispiritus.cu\/es\/wp-json\/wp\/v2\/categories?post=56529"},{"taxonomy":"post_tag","embeddable":true,"href":"https:\/\/www.radiosanctispiritus.cu\/es\/wp-json\/wp\/v2\/tags?post=56529"},{"taxonomy":"author","embeddable":true,"href":"https:\/\/www.radiosanctispiritus.cu\/es\/wp-json\/wp\/v2\/coauthors?post=56529"}],"curies":[{"name":"wp","href":"https:\/\/api.w.org\/{rel}","templated":true}]}}