{"id":56463,"date":"2025-10-27T13:51:07","date_gmt":"2025-10-27T17:51:07","guid":{"rendered":"https:\/\/www.radiosanctispiritus.cu\/es\/?p=56463"},"modified":"2025-10-27T13:59:34","modified_gmt":"2025-10-27T17:59:34","slug":"vientos-de-melissa-aumentaron-a-270-kilometros-por-hora","status":"publish","type":"post","link":"https:\/\/www.radiosanctispiritus.cu\/es\/vientos-de-melissa-aumentaron-a-270-kilometros-por-hora\/","title":{"rendered":"Vientos de Melissa aumentaron a 270 kil\u00f3metros por hora"},"content":{"rendered":"<p>El hurac\u00e1n Melissa durante la ma\u00f1ana de este lunes ha continuado ganando en intensidad. Los vientos m\u00e1ximos sostenidos aumentaron hasta 270 kil\u00f3metros por hora, con rachas superiores y su presi\u00f3n central descendi\u00f3 hasta 908 hectoPascal, por lo que se mantiene como un hurac\u00e1n de gran intensidad, categor\u00eda cinco en la escala Saffir-Simpson.<\/p>\n<p>Al mediod\u00eda de hoy el ojo del hurac\u00e1n Melissa fue estimado en los 16.4 grados de latitud Norte y los 78.3 grados de longitud Oeste, posici\u00f3n que lo sit\u00faa a unos 223 kil\u00f3metros al suroeste de Kingston, Jamaica, a 380 kil\u00f3metros al sur de Cabo Cruz, Granma y a 480 kil\u00f3metros al suroeste de la ciudad de Santiago de Cuba. Melissa se mueve lentamente con un rumbo pr\u00f3ximo al oeste a una velocidad de traslaci\u00f3n de seis kil\u00f3metros por hora.<\/p>\n<p>En las pr\u00f3ximas 24 horas este sistema continuar\u00e1 su lento movimiento hacia el oeste inclinando gradualmente su trayectoria al norte y luego al nordeste, desplaz\u00e1ndose muy cerca o sobre Jamaica. El hurac\u00e1n Melissa estar\u00e1 aproxim\u00e1ndose desde el martes al territorio nacional, por los mares al sur de la regi\u00f3n oriental de Cuba, deterior\u00e1ndose progresivamente las condiciones meteorol\u00f3gicas.<\/p>\n<p>Las bandas externas de este hurac\u00e1n continuar\u00e1n incrementando los nublados y las precipitaciones en la regi\u00f3n oriental de Cuba, las que pueden llegar a ser fuertes en algunas localidades, principalmente en zonas monta\u00f1osas. Se mantendr\u00e1n las fuertes marejadas en los mares al sur de las provincias de Granma, Santiago de Cuba y Guant\u00e1namo con inundaciones ligeras en zonas bajas de este litoral.<\/p>\n<p>El Centro de Pron\u00f3sticos del Instituto de Meteorolog\u00eda mantiene una estrecha vigilancia sobre la evoluci\u00f3n y futura trayectoria de este hurac\u00e1n de gran intensidad.<\/p>\n<p>El pr\u00f3ximo aviso de cicl\u00f3n tropical se emitir\u00e1 a las seis de la tarde de hoy lunes.<\/p>\n","protected":false},"excerpt":{"rendered":"<p>Al mediod\u00eda de este lunes el ojo del hurac\u00e1n Melissa fue estimado a unos 223 kil\u00f3metros al suroeste de Kingston, Jamaica, a 380 kil\u00f3metros al sur de Cabo Cruz, Granma y a 480 kil\u00f3metros al suroeste de la ciudad de Santiago de Cuba.<\/p>\n","protected":false},"author":4,"featured_media":56467,"comment_status":"open","ping_status":"open","sticky":false,"template":"","format":"standard","meta":{"_acf_changed":false,"footnotes":""},"categories":[8,3],"tags":[95,368,112],"coauthors":[1883],"class_list":["post-56463","post","type-post","status-publish","format-standard","has-post-thumbnail","hentry","category-noticia","category-cuba","tag-defensa-civil","tag-huracan","tag-meteorologia"],"acf":[],"_links":{"self":[{"href":"https:\/\/www.radiosanctispiritus.cu\/es\/wp-json\/wp\/v2\/posts\/56463","targetHints":{"allow":["GET"]}}],"collection":[{"href":"https:\/\/www.radiosanctispiritus.cu\/es\/wp-json\/wp\/v2\/posts"}],"about":[{"href":"https:\/\/www.radiosanctispiritus.cu\/es\/wp-json\/wp\/v2\/types\/post"}],"author":[{"embeddable":true,"href":"https:\/\/www.radiosanctispiritus.cu\/es\/wp-json\/wp\/v2\/users\/4"}],"replies":[{"embeddable":true,"href":"https:\/\/www.radiosanctispiritus.cu\/es\/wp-json\/wp\/v2\/comments?post=56463"}],"version-history":[{"count":4,"href":"https:\/\/www.radiosanctispiritus.cu\/es\/wp-json\/wp\/v2\/posts\/56463\/revisions"}],"predecessor-version":[{"id":56468,"href":"https:\/\/www.radiosanctispiritus.cu\/es\/wp-json\/wp\/v2\/posts\/56463\/revisions\/56468"}],"wp:featuredmedia":[{"embeddable":true,"href":"https:\/\/www.radiosanctispiritus.cu\/es\/wp-json\/wp\/v2\/media\/56467"}],"wp:attachment":[{"href":"https:\/\/www.radiosanctispiritus.cu\/es\/wp-json\/wp\/v2\/media?parent=56463"}],"wp:term":[{"taxonomy":"category","embeddable":true,"href":"https:\/\/www.radiosanctispiritus.cu\/es\/wp-json\/wp\/v2\/categories?post=56463"},{"taxonomy":"post_tag","embeddable":true,"href":"https:\/\/www.radiosanctispiritus.cu\/es\/wp-json\/wp\/v2\/tags?post=56463"},{"taxonomy":"author","embeddable":true,"href":"https:\/\/www.radiosanctispiritus.cu\/es\/wp-json\/wp\/v2\/coauthors?post=56463"}],"curies":[{"name":"wp","href":"https:\/\/api.w.org\/{rel}","templated":true}]}}