{"id":56445,"date":"2025-10-27T09:52:24","date_gmt":"2025-10-27T13:52:24","guid":{"rendered":"https:\/\/www.radiosanctispiritus.cu\/es\/?p=56445"},"modified":"2025-10-27T19:29:48","modified_gmt":"2025-10-27T23:29:48","slug":"sancti-spiritus-en-alerta-ciclonica-provincias-orientales-en-alarma","status":"publish","type":"post","link":"https:\/\/www.radiosanctispiritus.cu\/es\/sancti-spiritus-en-alerta-ciclonica-provincias-orientales-en-alarma\/","title":{"rendered":"Sancti Sp\u00edritus en Alerta Cicl\u00f3nica; provincias orientales en Alarma (+ infograf\u00eda)"},"content":{"rendered":"<p>Desde las nueve de la ma\u00f1ana de este lunes 27 de octubre, la provincia de Sancti Sp\u00edritus, al igual que Ciego de \u00c1vila, entr\u00f3 en la fase de Alerta Cicl\u00f3nica, de acuerdo con la nota N\u00famero 3 del Estado Mayor Nacional de la Defensa Civil, en la que tambi\u00e9n se decreta la Alarma Cicl\u00f3nica para los territorios desde Camag\u00fcey hasta Guant\u00e1namo.<\/p>\n<p>Ante las informaciones relacionadas con el fortalecimiento del hurac\u00e1n Melissa, que ya alcanz\u00f3 la m\u00e1xima categor\u00eda en la escala Saffir-Simpson con vientos sostenidos de 260 kil\u00f3metros por hora, el propio \u00f3rgano orient\u00f3 al resto de los territorios del pa\u00eds activar los consejos de defensa en composici\u00f3n reducida.<\/p>\n<p style=\"text-align: center;\"><strong>NOTA INFORMATIVA No.3 <\/strong><strong>DEL ESTADO MAYOR NACIONAL DE LA DEFENSA CIVIL <\/strong><strong>SOBRE EL HURAC\u00c1N MELISSA<\/strong><\/p>\n<p>\u00a0 \u00a027 de octubre de 2025, 07:00 horas<\/p>\n<p>De acuerdo con la informaci\u00f3n del Centro de Pron\u00f3sticos del Instituto de Meteorolog\u00eda, el hurac\u00e1n Melissa ha continuado ganando en intensidad, alcanzando vientos m\u00e1ximos sostenidos de 260 kil\u00f3metros por hora, con rachas superiores y su presi\u00f3n central descendi\u00f3 hasta 917 hectopascal, por lo que se convirti\u00f3 en un hurac\u00e1n categor\u00eda cinco en la escala Saffir-Simpson. Se mueve con un rumbo pr\u00f3ximo al oeste y a una velocidad de seis kil\u00f3metros por hora.<\/p>\n<p>En las pr\u00f3ximas 24 horas se prev\u00e9 que contin\u00fae su movimiento al oeste y gire al norte y nordeste para transitar por los mares de Jamaica, aproxim\u00e1ndose el martes al territorio nacional por el sur de la regi\u00f3n oriental de Cuba, donde progresivamente se ir\u00e1 deteriorando las condiciones meteorol\u00f3gicas.<\/p>\n<p>Teniendo en cuenta lo expuesto, se decidi\u00f3 pasar a partir de las 09:00 horas de hoy, a la Fase de ALARMA CICL\u00d3NICA las provincias de Guant\u00e1namo, Santiago de Cuba, Holgu\u00edn, Granma, Las Tunas y Camag\u00fcey; a la Fase de ALERTA CICL\u00d3NICA, Ciego de \u00c1vila y Sancti Sp\u00edritus.<\/p>\n<p><img decoding=\"async\" class=\"size-medium wp-image-56380 aligncenter\" src=\"https:\/\/www.radiosanctispiritus.cu\/es\/wp-content\/uploads\/IMG-20251025-WA0000-1-352x800.jpg\" alt=\"\" width=\"352\" height=\"800\" srcset=\"https:\/\/www.radiosanctispiritus.cu\/es\/wp-content\/uploads\/IMG-20251025-WA0000-1-352x800.jpg 352w, https:\/\/www.radiosanctispiritus.cu\/es\/wp-content\/uploads\/IMG-20251025-WA0000-1-451x1024.jpg 451w, https:\/\/www.radiosanctispiritus.cu\/es\/wp-content\/uploads\/IMG-20251025-WA0000-1-676x1536.jpg 676w, https:\/\/www.radiosanctispiritus.cu\/es\/wp-content\/uploads\/IMG-20251025-WA0000-1.jpg 704w\" sizes=\"(max-width: 352px) 100vw, 352px\" \/><\/p>\n<p>Las provincias de Cienfuegos, Villa Clara, Matanzas, Mayabeque, La Habana, Artemisa, Pinar del R\u00edo, y el Municipio Especial Isla de la Juventud, activar los consejos de defensa en composici\u00f3n reducida.<\/p>\n<p>Se orienta a la poblaci\u00f3n mantenerse informada sobre el desarrollo de este sistema, a trav\u00e9s de los medios de comunicaci\u00f3n nacionales y los perfiles oficiales de las redes sociales y cumplir disciplinadamente con las indicaciones que impartan las autoridades locales y la Defensa Civil.<\/p>\n<p>El Estado Mayor Nacional de la Defensa Civil y los institutos de Meteorolog\u00eda y Nacional de Recursos Hidr\u00e1ulicos, mantienen vigilancia sobre este organismo cicl\u00f3nico.<\/p>\n<p>ESTADO MAYOR NACIONAL DE LA DEFENSA CIVIL<\/p>\n<p>&nbsp;<\/p>\n","protected":false},"excerpt":{"rendered":"<p>Desde las nueve de la ma\u00f1ana de este lunes 27 de octubre, la provincia de Sancti Sp\u00edritus, al igual que Ciego de \u00c1vila, entr\u00f3 en la fase de Alerta Cicl\u00f3nica, de acuerdo con la nota N\u00famero 3 del Estado Mayor Nacional de la Defensa Civil, en la que tambi\u00e9n se decreta la Alarma Cicl\u00f3nica para los territorios desde Camag\u00fcey hasta Guant\u00e1namo.<\/p>\n","protected":false},"author":4,"featured_media":56355,"comment_status":"open","ping_status":"open","sticky":false,"template":"","format":"standard","meta":{"_acf_changed":false,"footnotes":""},"categories":[3,8,1],"tags":[95,368,112],"coauthors":[1883],"class_list":["post-56445","post","type-post","status-publish","format-standard","has-post-thumbnail","hentry","category-cuba","category-noticia","category-sancti-spiritus","tag-defensa-civil","tag-huracan","tag-meteorologia"],"acf":[],"_links":{"self":[{"href":"https:\/\/www.radiosanctispiritus.cu\/es\/wp-json\/wp\/v2\/posts\/56445","targetHints":{"allow":["GET"]}}],"collection":[{"href":"https:\/\/www.radiosanctispiritus.cu\/es\/wp-json\/wp\/v2\/posts"}],"about":[{"href":"https:\/\/www.radiosanctispiritus.cu\/es\/wp-json\/wp\/v2\/types\/post"}],"author":[{"embeddable":true,"href":"https:\/\/www.radiosanctispiritus.cu\/es\/wp-json\/wp\/v2\/users\/4"}],"replies":[{"embeddable":true,"href":"https:\/\/www.radiosanctispiritus.cu\/es\/wp-json\/wp\/v2\/comments?post=56445"}],"version-history":[{"count":5,"href":"https:\/\/www.radiosanctispiritus.cu\/es\/wp-json\/wp\/v2\/posts\/56445\/revisions"}],"predecessor-version":[{"id":56518,"href":"https:\/\/www.radiosanctispiritus.cu\/es\/wp-json\/wp\/v2\/posts\/56445\/revisions\/56518"}],"wp:featuredmedia":[{"embeddable":true,"href":"https:\/\/www.radiosanctispiritus.cu\/es\/wp-json\/wp\/v2\/media\/56355"}],"wp:attachment":[{"href":"https:\/\/www.radiosanctispiritus.cu\/es\/wp-json\/wp\/v2\/media?parent=56445"}],"wp:term":[{"taxonomy":"category","embeddable":true,"href":"https:\/\/www.radiosanctispiritus.cu\/es\/wp-json\/wp\/v2\/categories?post=56445"},{"taxonomy":"post_tag","embeddable":true,"href":"https:\/\/www.radiosanctispiritus.cu\/es\/wp-json\/wp\/v2\/tags?post=56445"},{"taxonomy":"author","embeddable":true,"href":"https:\/\/www.radiosanctispiritus.cu\/es\/wp-json\/wp\/v2\/coauthors?post=56445"}],"curies":[{"name":"wp","href":"https:\/\/api.w.org\/{rel}","templated":true}]}}