{"id":56440,"date":"2025-10-27T08:11:45","date_gmt":"2025-10-27T12:11:45","guid":{"rendered":"https:\/\/www.radiosanctispiritus.cu\/es\/?p=56440"},"modified":"2025-10-27T08:12:14","modified_gmt":"2025-10-27T12:12:14","slug":"suspendidos-servicios-de-transporte-desde-y-hacia-el-oriente-de-cuba","status":"publish","type":"post","link":"https:\/\/www.radiosanctispiritus.cu\/es\/suspendidos-servicios-de-transporte-desde-y-hacia-el-oriente-de-cuba\/","title":{"rendered":"Suspendidos servicios de transporte desde y hacia el Oriente de Cuba"},"content":{"rendered":"<p>El Ministerio de Transporte de la Rep\u00fablica de Cuba decidi\u00f3 suspender los servicios de transporte a\u00e9reos, por \u00f3mnibus y ferroviarios desde y hacia las provincias orientales, ante la proximidad del peligroso hurac\u00e1n Melissa con categor\u00eda cinco y pronosticado para cruzar por el extremo este de la isla en la noche del martes.<\/p>\n<p>Por su importancia reproducimos a continuaci\u00f3n la nota del Ministerio de Transporte:<\/p>\n<p>NOTA INFORMATIVA DEL MINISTERIO DE TRANSPORTE<\/p>\n<p>Teniendo en cuenta la declaraci\u00f3n de la fase de Alerta Cicl\u00f3nica para las provincias: Guant\u00e1namo; Santiago de Cuba; Granma; Holgu\u00edn y Las Tunas, ante la proximidad del hurac\u00e1n Melissa y con el objetivo de preservar la seguridad de nuestros pasajeros y medios de transporte, de conjunto con los Consejos de Defensa Provinciales, se ha decidido:<\/p>\n<p>Trenes Nacionales y locales de Pasajeros:<\/p>\n<p>CANCELAR las salidas de los siguientes trenes de pasajeros:<\/p>\n<p>1. Domingo 26 de octubre:<br \/>\nTren No. 13 La Habana-Guant\u00e1namo (Cancelado en La Habana)<\/p>\n<p>2. Lunes 27 de octubre:<br \/>\nTren No.11 La Habana-Santiago de Cuba (Cancelado en La Habana)<\/p>\n<p>3. Martes 28 de octubre:<br \/>\nTren No. 14 Guant\u00e1namo-La Habana (Cancelado por no circular su tren par, el No.13 procedente de La Habana)<\/p>\n<p>4. Mi\u00e9rcoles 29 de octubre:<br \/>\nTren No. 12 Santiago de Cuba-La Habana (Cancelado por no circular su tren par, en el sentido opuesto, el No. 11, procedente de La Habana)<\/p>\n<p>5. Cancelar las salidas de todos los servicios de trenes locales e interprovinciales desde Las Tunas hasta Guant\u00e1namo. El restablecimiento de estos servicios se informar\u00e1 oportunamente a la poblaci\u00f3n.<\/p>\n<p>El restablecimiento de estos servicios se realizar\u00e1 cuando se declare la fase Recuperativa en las provincias afectadas y sean verificadas las condiciones de las v\u00edas f\u00e9rreas para la seguridad del movimiento de los trenes, asunto que se informar\u00e1 oportunamente a la poblaci\u00f3n.<\/p>\n<p>\u00d3mnibus Nacionales:<\/p>\n<p>1. Se suspenden todos los servicios de la programaci\u00f3n nacional de \u00d3mnibus Nacionales, (incluido VIAZUL), desde y hacia las cinco provincias orientales: Guant\u00e1namo, Santiago de Cuba, Granma, Holgu\u00edn y Las Tunas, a partir de las 13:00 horas del d\u00eda 27 de octubre de 2025.<\/p>\n<p>Esta suspensi\u00f3n se mantendr\u00e1 vigente hasta tanto se declare la fase Recuperativa en las provincias afectadas y las condiciones permitan la circulaci\u00f3n segura de nuestros \u00f3mnibus, previa coordinaci\u00f3n y aprobaci\u00f3n de los Consejos de Defensa provinciales.<\/p>\n<p>2. El resto de los servicios de la programaci\u00f3n nacional hacia y desde las provincias desde Camag\u00fcey hasta Pinar del Rio se mantienen operando seg\u00fan sus salidas programadas.<\/p>\n<p>3. Los pasajeros con reservaciones que no deseen viajar, se les reintegrar\u00e1 el 100% del valor de su boleto hasta 15 d\u00edas despu\u00e9s de la suspensi\u00f3n de los servicios.<\/p>\n<p>Los que decidan viajar, deber\u00e1n ponerse en contacto con las oficinas comerciales de la Empresa Viajero para una vez restablecidos los servicios reprogramar sus viajes seg\u00fan la disponibilidad de capacidades.<\/p>\n<p>Sistema de la Aviaci\u00f3n Civil:<\/p>\n<p>Vuelos nacionales e internacionales:<\/p>\n<p>Los vuelos hacia y desde Santiago de Cuba y Holgu\u00edn los d\u00edas martes 28 y mi\u00e9rcoles 29, se cancelan. Los pasajeros reservados para dichos vuelos deber\u00e1n contactar con las L\u00edneas A\u00e9reas para recibir orientaciones al respecto.<\/p>\n<p>En todos los aeropuertos del territorio oriental se han adoptado las medidas de protecci\u00f3n de las instalaciones y del equipamiento y funcionan grupos de trabajo para una vez establecida la fase recuperativa poner los mismos en plena capacidad de operaci\u00f3n.<\/p>\n<p>Sistema mar\u00edtimo portuario:<\/p>\n<p>Transportaci\u00f3n mar\u00edtima de pasajeros:<\/p>\n<p>Se mantiene suspendido el tr\u00e1fico entre los puertos de Bataban\u00f3, Nueva Gerona y Cayo Largo del Sur hasta tanto las condiciones hidrometeorol\u00f3gicas permitan la navegaci\u00f3n mar\u00edtima segura entre dichos puertos.<\/p>\n<p>Los pasajeros con boletos reservados, deber\u00e1n mantenerse en contacto con las oficinas comerciales de la empresa Viajero para reprogramar sus viajes, una vez restablecida la navegaci\u00f3n.<\/p>\n<p>En las instalaciones portuarias de la zona oriental se han adoptado las medidas para mitigar los efectos de este evento meteorol\u00f3gico, preservando las mercanc\u00edas en almacenes y acelerando la descarga de los buques en puertos.<\/p>\n<p>Las embarcaciones fueron trasladadas a los refugios establecidos.<\/p>\n<p>Los directivos de nuestro Ministerio se mantienen en comunicaci\u00f3n con el Estado Mayor Nacional de la Defensa Civil y los Consejos de Defensa provinciales de cada una de las provincias en fase de Alerta Cicl\u00f3nica, para coordinar las acciones que se requieran en cada una de las fases que se vayan aplicando.<\/p>\n<p>La Habana, 26 de octubre de 2025<br \/>\n\u00a8A\u00f1o 67 de la Revoluci\u00f3n\u00a8<\/p>\n<p>Ministerio del Transporte de la Rep\u00fablica de Cuba Gobierno Cuba Presidencia Cuba Asamblea Nacional Cuba Corporaci\u00f3n de la Aviaci\u00f3n Cubana S.A. Grupo Empresarial de Servicios de Transporte Automotor. GEA \u2013 Cuba Uni\u00f3n de Ferrocarriles de Cuba GEMAR<\/p>\n<p><em><strong>Con informaci\u00f3n de ACN y <a href=\"https:\/\/www.escambray.cu\/2025\/suspendidos-servicios-de-transporte-desde-y-hacia-el-oriente-de-cuba\/\" target=\"_blank\" rel=\"noopener noreferrer nofollow\">Escambray<\/a><\/strong><\/em><\/p>\n","protected":false},"excerpt":{"rendered":"<p>La suspensi\u00f3n se mantendr\u00e1 vigente hasta tanto se declare la fase Recuperativa en las provincias afectadas y las condiciones permitan la circulaci\u00f3n segura de los \u00f3mnibus<\/p>\n","protected":false},"author":4,"featured_media":21660,"comment_status":"open","ping_status":"open","sticky":false,"template":"","format":"standard","meta":{"_acf_changed":false,"footnotes":""},"categories":[8,3],"tags":[453,144],"coauthors":[1883],"class_list":["post-56440","post","type-post","status-publish","format-standard","has-post-thumbnail","hentry","category-noticia","category-cuba","tag-omnibus-nacionales","tag-transporte"],"acf":[],"_links":{"self":[{"href":"https:\/\/www.radiosanctispiritus.cu\/es\/wp-json\/wp\/v2\/posts\/56440","targetHints":{"allow":["GET"]}}],"collection":[{"href":"https:\/\/www.radiosanctispiritus.cu\/es\/wp-json\/wp\/v2\/posts"}],"about":[{"href":"https:\/\/www.radiosanctispiritus.cu\/es\/wp-json\/wp\/v2\/types\/post"}],"author":[{"embeddable":true,"href":"https:\/\/www.radiosanctispiritus.cu\/es\/wp-json\/wp\/v2\/users\/4"}],"replies":[{"embeddable":true,"href":"https:\/\/www.radiosanctispiritus.cu\/es\/wp-json\/wp\/v2\/comments?post=56440"}],"version-history":[{"count":2,"href":"https:\/\/www.radiosanctispiritus.cu\/es\/wp-json\/wp\/v2\/posts\/56440\/revisions"}],"predecessor-version":[{"id":56442,"href":"https:\/\/www.radiosanctispiritus.cu\/es\/wp-json\/wp\/v2\/posts\/56440\/revisions\/56442"}],"wp:featuredmedia":[{"embeddable":true,"href":"https:\/\/www.radiosanctispiritus.cu\/es\/wp-json\/wp\/v2\/media\/21660"}],"wp:attachment":[{"href":"https:\/\/www.radiosanctispiritus.cu\/es\/wp-json\/wp\/v2\/media?parent=56440"}],"wp:term":[{"taxonomy":"category","embeddable":true,"href":"https:\/\/www.radiosanctispiritus.cu\/es\/wp-json\/wp\/v2\/categories?post=56440"},{"taxonomy":"post_tag","embeddable":true,"href":"https:\/\/www.radiosanctispiritus.cu\/es\/wp-json\/wp\/v2\/tags?post=56440"},{"taxonomy":"author","embeddable":true,"href":"https:\/\/www.radiosanctispiritus.cu\/es\/wp-json\/wp\/v2\/coauthors?post=56440"}],"curies":[{"name":"wp","href":"https:\/\/api.w.org\/{rel}","templated":true}]}}