{"id":56426,"date":"2025-10-27T06:00:21","date_gmt":"2025-10-27T10:00:21","guid":{"rendered":"https:\/\/www.radiosanctispiritus.cu\/es\/?p=56426"},"modified":"2025-10-27T14:00:52","modified_gmt":"2025-10-27T18:00:52","slug":"aviso-de-ciclon-tropical-no-14-melissa-categoria-5","status":"publish","type":"post","link":"https:\/\/www.radiosanctispiritus.cu\/es\/aviso-de-ciclon-tropical-no-14-melissa-categoria-5\/","title":{"rendered":"Con vientos de unos 260 kil\u00f3metros por hora, Melissa es un hurac\u00e1n categor\u00eda 5"},"content":{"rendered":"<p><b>CENTRO DE PRON\u00d3STICOS, INSMET.<br \/>\nFecha: 27 de octubre de 2025. Hora: 06:00 am.<\/b><\/p>\n<p>El hurac\u00e1n Melissa durante las \u00faltimas 12 horas ha continuado ganando en intensidad. Los vientos m\u00e1ximos sostenidos aumentaron hasta 260 kil\u00f3metros por hora, con rachas superiores y su presi\u00f3n central descendi\u00f3 hasta 917 hectoPascal, por lo que ahora es un hurac\u00e1n categor\u00eda cinco en la escala Saffir-Simpson.<\/p>\n<p>A las seis de la ma\u00f1ana el ojo del hurac\u00e1n Melissa fue estimado en los 16.4 grados de latitud Norte y los 77.9 grados de longitud Oeste, posici\u00f3n que lo sit\u00faa a unos 200 kil\u00f3metros al sur-suroeste de Kingston, Jamaica y a 455 kil\u00f3metros al suroeste de la ciudad de Santiago de Cuba. Melissa se mueve lentamente con un rumbo pr\u00f3ximo al oeste a una velocidad de traslaci\u00f3n de seis kil\u00f3metros por hora.<\/p>\n<p>En las pr\u00f3ximas 24 horas este sistema continuar\u00e1 su lento movimiento hacia el oeste inclinando gradualmente su trayectoria al norte y nordeste, desplaz\u00e1ndose por los mares al sur de Jamaica, para transitar muy cerca o sobre esta isla. El hurac\u00e1n Melissa estar\u00e1 aproxim\u00e1ndose desde el martes al territorio nacional por los mares al sur de la regi\u00f3n oriental de Cuba, donde progresivamente se ir\u00e1n deteriorando las condiciones meteorol\u00f3gicas.<\/p>\n<p>Las bandas externas de este hurac\u00e1n continuar\u00e1n incrementando los nublados y las precipitaciones en la regi\u00f3n oriental de Cuba, las que pueden llegar a ser fuertes en algunas localidades, principalmente en zonas monta\u00f1osas. Se mantendr\u00e1n las fuertes marejadas en los mares al sur de las provincias de Granma y Santiago de Cuba con inundaciones ligeras en zonas bajas de este litoral.<\/p>\n<p>El Centro de Pron\u00f3sticos del Instituto de Meteorolog\u00eda mantiene una estrecha vigilancia sobre la evoluci\u00f3n y futura trayectoria de este hurac\u00e1n de gran intensidad.<\/p>\n<p>El pr\u00f3ximo aviso de cicl\u00f3n tropical se emitir\u00e1 al mediod\u00eda de hoy lunes.<\/p>\n","protected":false},"excerpt":{"rendered":"<p>Este fen\u00f3meno meteorol\u00f3gico, situado a las seis de la ma\u00f1ana de este lunes a unos 200 kil\u00f3metros al sur-suroeste de Kingston, Jamaica y a 455 kil\u00f3metros al suroeste de la ciudad de Santiago de Cuba, estar\u00e1 aproxim\u00e1ndose desde el martes al territorio nacional por los mares al sur de la regi\u00f3n oriental de Cuba, donde progresivamente se ir\u00e1n deteriorando las condiciones meteorol\u00f3gicas.<\/p>\n","protected":false},"author":4,"featured_media":56427,"comment_status":"open","ping_status":"open","sticky":false,"template":"","format":"standard","meta":{"_acf_changed":false,"footnotes":""},"categories":[8,3],"tags":[368,2090,2089,112,294],"coauthors":[1883],"class_list":["post-56426","post","type-post","status-publish","format-standard","has-post-thumbnail","hentry","category-noticia","category-cuba","tag-huracan","tag-insmet","tag-melissa","tag-meteorologia","tag-sistema-meteorologico"],"acf":[],"_links":{"self":[{"href":"https:\/\/www.radiosanctispiritus.cu\/es\/wp-json\/wp\/v2\/posts\/56426","targetHints":{"allow":["GET"]}}],"collection":[{"href":"https:\/\/www.radiosanctispiritus.cu\/es\/wp-json\/wp\/v2\/posts"}],"about":[{"href":"https:\/\/www.radiosanctispiritus.cu\/es\/wp-json\/wp\/v2\/types\/post"}],"author":[{"embeddable":true,"href":"https:\/\/www.radiosanctispiritus.cu\/es\/wp-json\/wp\/v2\/users\/4"}],"replies":[{"embeddable":true,"href":"https:\/\/www.radiosanctispiritus.cu\/es\/wp-json\/wp\/v2\/comments?post=56426"}],"version-history":[{"count":5,"href":"https:\/\/www.radiosanctispiritus.cu\/es\/wp-json\/wp\/v2\/posts\/56426\/revisions"}],"predecessor-version":[{"id":56469,"href":"https:\/\/www.radiosanctispiritus.cu\/es\/wp-json\/wp\/v2\/posts\/56426\/revisions\/56469"}],"wp:featuredmedia":[{"embeddable":true,"href":"https:\/\/www.radiosanctispiritus.cu\/es\/wp-json\/wp\/v2\/media\/56427"}],"wp:attachment":[{"href":"https:\/\/www.radiosanctispiritus.cu\/es\/wp-json\/wp\/v2\/media?parent=56426"}],"wp:term":[{"taxonomy":"category","embeddable":true,"href":"https:\/\/www.radiosanctispiritus.cu\/es\/wp-json\/wp\/v2\/categories?post=56426"},{"taxonomy":"post_tag","embeddable":true,"href":"https:\/\/www.radiosanctispiritus.cu\/es\/wp-json\/wp\/v2\/tags?post=56426"},{"taxonomy":"author","embeddable":true,"href":"https:\/\/www.radiosanctispiritus.cu\/es\/wp-json\/wp\/v2\/coauthors?post=56426"}],"curies":[{"name":"wp","href":"https:\/\/api.w.org\/{rel}","templated":true}]}}