{"id":56418,"date":"2025-10-26T17:52:03","date_gmt":"2025-10-26T21:52:03","guid":{"rendered":"https:\/\/www.radiosanctispiritus.cu\/es\/?p=56418"},"modified":"2025-10-26T17:52:03","modified_gmt":"2025-10-26T21:52:03","slug":"a-los-gallos-no-les-fue-bien-en-su-visita-a-pinar-del-rio","status":"publish","type":"post","link":"https:\/\/www.radiosanctispiritus.cu\/es\/a-los-gallos-no-les-fue-bien-en-su-visita-a-pinar-del-rio\/","title":{"rendered":"A los Gallos no les fue bien en su visita a Pinar del R\u00edo"},"content":{"rendered":"<p lang=\"es-ES\" align=\"justify\"><span style=\"font-family: Arial, sans-serif;\"><span style=\"font-size: large;\">Nada bien le fue a lo Gallos en su gira por Pinar del R\u00edo al ceder en cuatro de los cinco partidos efectuados y caer a la octava posici\u00f3n de la tabla de posiciones en la 64 Serie Nacional de la pelota cubana.<\/span><\/span><\/p>\n<p lang=\"es-ES\" align=\"justify\"><span style=\"font-family: Arial, sans-serif;\"><span style=\"font-size: large;\">En el juego de este domingo, pese a salir delante con una carrera en la primera entrada, no pudieron ante los env\u00edos de los lanzadores pinare\u00f1os Frank Luis Medina y Frank Denis Blanco.<\/span><\/span><\/p>\n<p lang=\"es-ES\" align=\"justify\"><span style=\"font-family: Arial, sans-serif;\"><span style=\"font-size: large;\">N\u00fameros finales: <\/span><\/span><\/p>\n<p lang=\"en-US\" align=\"justify\"><span style=\"font-family: Arial, sans-serif;\"><span style=\"font-size: large;\"><span lang=\"es-ES\">C H E<\/span><\/span><\/span><\/p>\n<p lang=\"es-ES\" align=\"justify\"><span style=\"font-family: Arial, sans-serif;\"><span style=\"font-size: large;\">PRI 6 8 1<\/span><\/span><\/p>\n<p lang=\"es-ES\" align=\"justify\"><span style=\"font-family: Arial, sans-serif;\"><span style=\"font-size: large;\">SSP 3 8 2<\/span><\/span><\/p>\n<p lang=\"es-ES\" align=\"justify\"><span style=\"font-family: Arial, sans-serif;\"><span style=\"font-size: large;\">G: Frank Luis Medina (2-0) 7EL 3CL 7H 6KO 2BB <\/span><\/span><\/p>\n<p lang=\"es-ES\" align=\"justify\"><span style=\"font-family: Arial, sans-serif;\"><span style=\"font-size: large;\">P: Leandro Forteza (0-3) 5EL 5C 2CL 1KO 2BB 1DB<\/span><\/span><\/p>\n<p lang=\"es-ES\" align=\"justify\"><span style=\"font-family: Arial, sans-serif;\"><span style=\"font-size: large;\">JS: Frank Blanco (3) 2EL 1H 1KO<\/span><\/span><\/p>\n<p lang=\"es-ES\" align=\"justify\"><span style=\"font-family: Arial, sans-serif;\"><span style=\"font-size: large;\">Ahora los Gallos acumulan 21 victorias con 19 derrotas y resbalaron hasta el octavo puesto en la tabla de posiciones, aunque todav\u00eda est\u00e1n en zona de clasificaci\u00f3n.<\/span><\/span><\/p>\n<p lang=\"en-US\" align=\"justify\"><span style=\"font-family: Arial, sans-serif;\"><span style=\"font-size: large;\"><span lang=\"es-ES\">El pr\u00f3ximo rival de los nuestros ser\u00e1 Artemisa a partir del 4 de noviembre como visitantes debido a la suspensi\u00f3n de los juegos de la Serie Nacional correspondientes a los d\u00edas 28, 29 y 30 de octubre, a partir de lo pronosticado en torno al hurac\u00e1n Melissa.<\/span><\/span><\/span><\/p>\n<p lang=\"en-US\"><span style=\"font-family: Arial, sans-serif;\"><span style=\"font-size: large;\">En esas jornadas estaban previstos los partidos Pinar del R\u00edo-Industriales, La Isla-Artemisa, Mayabeque-Sancti Sp\u00edritus, Cienfuegos-Matanzas, Ciego de \u00c1vila-Holgu\u00edn, Villa Clara-Camag\u00fcey, Las Tunas-Guant\u00e1namo y Granma-Santiago de Cuba.<\/span><\/span><\/p>\n<p lang=\"en-US\"><span style=\"font-family: Arial, sans-serif;\"><span style=\"font-size: large;\">El comunicado aclara que esos juegos ser\u00e1n recuperados durante la subserie corta pactada del 16 al 21 de diciembre pr\u00f3ximos.<\/span><\/span><\/p>\n<p lang=\"en-US\"><span style=\"font-family: Arial, sans-serif;\"><span style=\"font-size: large;\">En cuanto al Juego de las Estrellas, convocado para los d\u00edas 1 y 2 de noviembre en Holgu\u00edn, la nota adelanta que la decisi\u00f3n definitiva ser\u00e1 anunciada tras las evaluaciones posteriores al paso del fen\u00f3meno meteorol\u00f3gico.<\/span><\/span><\/p>\n","protected":false},"excerpt":{"rendered":"<p>Nada bien le fue a lo Gallos en su gira por Pinar del R\u00edo al ceder en cuatro de los cinco partidos efectuados y caer a la octava posici\u00f3n de la tabla de posiciones en la 64 Serie Nacional de la pelota cubana.<\/p>\n","protected":false},"author":175,"featured_media":55834,"comment_status":"open","ping_status":"open","sticky":false,"template":"","format":"standard","meta":{"_acf_changed":false,"footnotes":""},"categories":[8,7,1],"tags":[2011,735,389,1124],"coauthors":[1868],"class_list":["post-56418","post","type-post","status-publish","format-standard","has-post-thumbnail","hentry","category-noticia","category-deporte","category-sancti-spiritus","tag-beisbol-serie-64","tag-gallos","tag-pinar-del-rio","tag-serie-nacional-de-beisbol"],"acf":[],"_links":{"self":[{"href":"https:\/\/www.radiosanctispiritus.cu\/es\/wp-json\/wp\/v2\/posts\/56418","targetHints":{"allow":["GET"]}}],"collection":[{"href":"https:\/\/www.radiosanctispiritus.cu\/es\/wp-json\/wp\/v2\/posts"}],"about":[{"href":"https:\/\/www.radiosanctispiritus.cu\/es\/wp-json\/wp\/v2\/types\/post"}],"author":[{"embeddable":true,"href":"https:\/\/www.radiosanctispiritus.cu\/es\/wp-json\/wp\/v2\/users\/175"}],"replies":[{"embeddable":true,"href":"https:\/\/www.radiosanctispiritus.cu\/es\/wp-json\/wp\/v2\/comments?post=56418"}],"version-history":[{"count":1,"href":"https:\/\/www.radiosanctispiritus.cu\/es\/wp-json\/wp\/v2\/posts\/56418\/revisions"}],"predecessor-version":[{"id":56419,"href":"https:\/\/www.radiosanctispiritus.cu\/es\/wp-json\/wp\/v2\/posts\/56418\/revisions\/56419"}],"wp:featuredmedia":[{"embeddable":true,"href":"https:\/\/www.radiosanctispiritus.cu\/es\/wp-json\/wp\/v2\/media\/55834"}],"wp:attachment":[{"href":"https:\/\/www.radiosanctispiritus.cu\/es\/wp-json\/wp\/v2\/media?parent=56418"}],"wp:term":[{"taxonomy":"category","embeddable":true,"href":"https:\/\/www.radiosanctispiritus.cu\/es\/wp-json\/wp\/v2\/categories?post=56418"},{"taxonomy":"post_tag","embeddable":true,"href":"https:\/\/www.radiosanctispiritus.cu\/es\/wp-json\/wp\/v2\/tags?post=56418"},{"taxonomy":"author","embeddable":true,"href":"https:\/\/www.radiosanctispiritus.cu\/es\/wp-json\/wp\/v2\/coauthors?post=56418"}],"curies":[{"name":"wp","href":"https:\/\/api.w.org\/{rel}","templated":true}]}}