{"id":56414,"date":"2025-10-26T16:47:26","date_gmt":"2025-10-26T20:47:26","guid":{"rendered":"https:\/\/www.radiosanctispiritus.cu\/es\/?p=56414"},"modified":"2025-10-26T16:47:26","modified_gmt":"2025-10-26T20:47:26","slug":"consejo-de-defensa-nacional-valora-preparativos-para-enfrentar-a-huracan-melissa","status":"publish","type":"post","link":"https:\/\/www.radiosanctispiritus.cu\/es\/consejo-de-defensa-nacional-valora-preparativos-para-enfrentar-a-huracan-melissa\/","title":{"rendered":"Consejo de Defensa Nacional valora preparativos para enfrentar a hurac\u00e1n Melissa"},"content":{"rendered":"<p>El Consejo de Defensa Nacional ampliado sesion\u00f3 este domingo, encabezado por el presidente Miguel D\u00edaz-Canel Berm\u00fadez, ante el inminente impacto del hurac\u00e1n Melissa.<\/p>\n<p>En el encuentro de trabajo se estableci\u00f3 comunicaci\u00f3n por videoconferencia con las provincias desde Sancti Sp\u00edritus hasta Guant\u00e1namo que est\u00e1n en fase informativa y de alerta.<\/p>\n<p>El director del Insmet, Dr. Celso Pazos, precis\u00f3 que Melissa es de gran intensidad, y se estima que toque tierra en la noche del martes, transite por Cuba en la madrugada, y demore unas 12 horas desde su entrada por la costa sur del Oriente hasta su salida por el norte.<\/p>\n<p>Junto a vientos superiores a 200 km\/h y a las inundaciones costeras, las intensas lluvias representan uno de los factores m\u00e1s peligrosos de este sistema. Las precipitaciones en las zonas monta\u00f1osas llegar\u00e1n a ser muy intensas. El conglomerado nuboso alcanza hasta Camag\u00fcey.<\/p>\n<p>Ante este inminente peligro, la vice primera ministra, In\u00e9s Mar\u00eda Chapman, alert\u00f3 sobre las inundaciones que las lluvias pueden causar, fundamentalmente en las provincias de Granma y Santiago de Cuba, hacia donde fluyen las aguas del resto de los territorios orientales.<\/p>\n<p>La situaci\u00f3n en Granma es muy compleja debido a la confluencia de varios factores: r\u00edos crecidos, vertimiento de embalses y la inundaci\u00f3n costera por la pleamar nocturna en el Golfo de Guacanayabo, que impide el drenaje natural del agua, explic\u00f3 la viceprimera ministra.<\/p>\n<p>Los presidentes de los Consejos de Defensa provinciales informaron al \u00f3rgano superior que se trabaja en proteger a las personas y los recursos vitales, en el acondicionamiento de centros de evacuaci\u00f3n y de elaboraci\u00f3n de alimentos, as\u00ed como en la comunicaci\u00f3n por varias v\u00edas.<\/p>\n<p>La presidenta del Consejo de Defensa Provincial de Granma, Yudelkis Ortiz Barcel\u00f3, se\u00f1al\u00f3 que hay 98 zonas cr\u00edticas, a cuyos pobladores se evac\u00faan. Hay que proteger a 110.000 personas, el 15 % de la poblaci\u00f3n, 66.000 en centros de evacuaci\u00f3n.<\/p>\n<p>Desde Santiago de Cuba, Beatriz Johnson Urrutia, refiri\u00f3 que se trabaja con rigor y disciplina. Hay que proteger a 258.573 personas. Se puso \u00e9nfasis en Guam\u00e1 que recientemente fue impactado por la tormenta Imelda. Se vigilan los embalses Protesta de Baragu\u00e1 y Carlos Manuel de C\u00e9spedes.<\/p>\n<p>Joel Queipo Ruiz, presidente del Consejo de Defensa Provincial de Holgu\u00edn, destac\u00f3 las v\u00edas de comunicaci\u00f3n que han utilizado para elevar la percepci\u00f3n de riesgo de la poblaci\u00f3n. Se trabaja en la evacuaci\u00f3n de 69.000 personas en la provincia.<\/p>\n<p>En Guant\u00e1namo se concentran los esfuerzos en la protecci\u00f3n de la vida, precis\u00f3 Yoel P\u00e9rez Garc\u00eda. Se trabaja en evacuar a 139.914 personas, el 30% de la poblaci\u00f3n, en 108 centros para ello.<\/p>\n<p>Est\u00e1n listas brigadas para que luego del paso del hurac\u00e1n se limpien las v\u00edas de acceso.<\/p>\n<p>El presidente del Consejo de Defensa Provincial de LasTunas, Osbel Lorenzo Rodr\u00edguez, inform\u00f3 que 72.000 personas deben protegerse en 133 centros de evacuaci\u00f3n y en casas de familiares y amigos.<\/p>\n<p>El Presidente indic\u00f3 comprobar los sistema de avisos a la poblaci\u00f3n, teniendo en cuenta la experiencia de los huracanes del 2024.<\/p>\n<p>Habl\u00f3 de mantener constante comunicaci\u00f3n con el pueblo, usando todas las v\u00edas posibles, sobre todo en medio de la situaci\u00f3n el\u00e9ctrica del pa\u00eds.<\/p>\n<p>El Jefe de Estado fue enf\u00e1tico en la necesidad de evacuar a todas las personas que est\u00e9n aguas abajo de la presas, en lugares de inundaciones. Este evento entrar\u00e1 de noche o madrugada, alert\u00f3, y lo que no hagamos ahora lo perdemos despu\u00e9s.<\/p>\n<p>Hay que trabajar intensamente lo que queda de domingo y lunes, si trabajamos para la peor de las variantes estamos garantizando la tranquilidad en todo este tema, afirm\u00f3.<\/p>\n<p>El mandatario indic\u00f3 comprobar el estado t\u00e9cnico de los grupos electr\u00f3genos de emergencia, asegurar la protecci\u00f3n de los parques e\u00f3licos y fotovoltaicos, as\u00ed como garantizar los puntos de cargas de celulares y medios de iluminaci\u00f3n alternativos para la poblaci\u00f3n.<\/p>\n<p>Destac\u00f3 el aseguramiento de los servicios primarios de salud y el sistema de vigilancia epidemiol\u00f3gica. Llam\u00f3 a prestar especial atenci\u00f3n a la poblaci\u00f3n vulnerable.<\/p>\n<p>Especial atenci\u00f3n, enfatiz\u00f3, a los viejitos que viven solos para que tengan una adecuada protecci\u00f3n.<\/p>\n<p>ay que incrementar la recogida de desechos s\u00f3lidos, la limpieza de tragantes, alcantarillas y zonas de drenajes.<\/p>\n<p>Debe asegurarse la recolecci\u00f3n, almacenamiento y distribuci\u00f3n de las producciones agropecuarias, la protecci\u00f3n de los sistemas de riego, y de la canasta b\u00e1sica.<\/p>\n<p>Lo fundamental, reiter\u00f3, es la protecci\u00f3n de la poblaci\u00f3n, y eso se garantiza si hay una adecuada evacuaci\u00f3n. Todo lo que sea zona de inundaci\u00f3n, aguas abajo, micropresas, todo eso hay que protegerlo.<\/p>\n<p>Hay que cuidar a la poblaci\u00f3n, pero tambi\u00e9n sus bienes. En todos los lugares donde podamos mantener a resguardo colchones, equipos electrodom\u00e9sticos, los bienes de las personas, hay que aprovechar y hacerlo. Igualmente habl\u00f3 de la protecci\u00f3n de los animales afectivos.<\/p>\n<p>La apreciaci\u00f3n que tenemos es que las fases se han dado con tiempo suficiente, se ha hecho a prop\u00f3sito por las caracter\u00edsticas de este evento, las provincias han trabajado con total responsabilidad y con conocimiento de c\u00f3mo se atienden estas situaciones meteorol\u00f3gicas.<\/p>\n<p>Vamos a trabajar, y con el papel de los \u00f3rganos de direcci\u00f3n de los Consejos de Defensa hasta nivel de zona, y con la participaci\u00f3n de nuestro pueblo vamos a enfrentar esta situaci\u00f3n y una vez m\u00e1s vamos a salir victoriosos.<\/p>\n<p><strong>(Tomado de Presidencia de la Rep\u00fablica)<\/strong><\/p>\n","protected":false},"excerpt":{"rendered":"<p>El Consejo de Defensa Nacional ampliado sesion\u00f3 este domingo, encabezado por el presidente Miguel D\u00edaz-Canel Berm\u00fadez, ante el inminente impacto del hurac\u00e1n Melissa.<\/p>\n","protected":false},"author":26,"featured_media":56415,"comment_status":"open","ping_status":"open","sticky":false,"template":"","format":"standard","meta":{"_acf_changed":false,"footnotes":""},"categories":[8,3,16],"tags":[2088,368,112,28],"coauthors":[1887],"class_list":["post-56414","post","type-post","status-publish","format-standard","has-post-thumbnail","hentry","category-noticia","category-cuba","category-economia","tag-consejo-de-defensa-nacional","tag-huracan","tag-meteorologia","tag-miguel-diaz-canel"],"acf":[],"_links":{"self":[{"href":"https:\/\/www.radiosanctispiritus.cu\/es\/wp-json\/wp\/v2\/posts\/56414","targetHints":{"allow":["GET"]}}],"collection":[{"href":"https:\/\/www.radiosanctispiritus.cu\/es\/wp-json\/wp\/v2\/posts"}],"about":[{"href":"https:\/\/www.radiosanctispiritus.cu\/es\/wp-json\/wp\/v2\/types\/post"}],"author":[{"embeddable":true,"href":"https:\/\/www.radiosanctispiritus.cu\/es\/wp-json\/wp\/v2\/users\/26"}],"replies":[{"embeddable":true,"href":"https:\/\/www.radiosanctispiritus.cu\/es\/wp-json\/wp\/v2\/comments?post=56414"}],"version-history":[{"count":1,"href":"https:\/\/www.radiosanctispiritus.cu\/es\/wp-json\/wp\/v2\/posts\/56414\/revisions"}],"predecessor-version":[{"id":56416,"href":"https:\/\/www.radiosanctispiritus.cu\/es\/wp-json\/wp\/v2\/posts\/56414\/revisions\/56416"}],"wp:featuredmedia":[{"embeddable":true,"href":"https:\/\/www.radiosanctispiritus.cu\/es\/wp-json\/wp\/v2\/media\/56415"}],"wp:attachment":[{"href":"https:\/\/www.radiosanctispiritus.cu\/es\/wp-json\/wp\/v2\/media?parent=56414"}],"wp:term":[{"taxonomy":"category","embeddable":true,"href":"https:\/\/www.radiosanctispiritus.cu\/es\/wp-json\/wp\/v2\/categories?post=56414"},{"taxonomy":"post_tag","embeddable":true,"href":"https:\/\/www.radiosanctispiritus.cu\/es\/wp-json\/wp\/v2\/tags?post=56414"},{"taxonomy":"author","embeddable":true,"href":"https:\/\/www.radiosanctispiritus.cu\/es\/wp-json\/wp\/v2\/coauthors?post=56414"}],"curies":[{"name":"wp","href":"https:\/\/api.w.org\/{rel}","templated":true}]}}