{"id":56408,"date":"2025-10-26T11:19:24","date_gmt":"2025-10-26T15:19:24","guid":{"rendered":"https:\/\/www.radiosanctispiritus.cu\/es\/?p=56408"},"modified":"2025-10-26T11:45:05","modified_gmt":"2025-10-26T15:45:05","slug":"huracan-melissa-se-intensifica-al-sudeste-de-jamaica","status":"publish","type":"post","link":"https:\/\/www.radiosanctispiritus.cu\/es\/huracan-melissa-se-intensifica-al-sudeste-de-jamaica\/","title":{"rendered":"Hurac\u00e1n Melissa se intensifica al sudeste de Jamaica"},"content":{"rendered":"<p>El hurac\u00e1n Melissa durante las \u00faltimas 12 horas ha continuado ganando en intensidad y experiment\u00f3 un proceso de r\u00e1pida intensificaci\u00f3n, alcanzando vientos m\u00e1ximos sostenidos de 220 kil\u00f3metros por hora, con rachas superiores y su presi\u00f3n central descendi\u00f3 hasta 944 hectoPascal, por lo que se convirti\u00f3 en un hurac\u00e1n categor\u00eda cuatro en la escala Saffir-Simpson, de un m\u00e1ximo de cinco.<\/p>\n<p>A las seis de la ma\u00f1ana la regi\u00f3n central del hurac\u00e1n Melissa fue estimada en los 16.3 grados de latitud Norte y los 76.4 grados de longitud Oeste, posici\u00f3n que lo sit\u00faa a unos 180 kil\u00f3metros al sur-sudeste de Kingston, Jamaica y a 415 kil\u00f3metros al sur de la ciudad de Santiago de Cuba. Melissa se mueve con un rumbo pr\u00f3ximo al oeste y posee una velocidad de traslaci\u00f3n de siete kil\u00f3metros por hora.<\/p>\n<p>En las pr\u00f3ximas horas este sistema estar\u00e1 desplaz\u00e1ndose lentamente en las cercan\u00edas de Jamaica. Se prev\u00e9 que este poderoso hurac\u00e1n contin\u00fae su lento movimiento hacia el oeste y luego gire gradualmente al norte y nordeste en los pr\u00f3ximos d\u00edas para transitar muy cerca o sobre Jamaica, aproximandose el martes al territorio nacional por los mares al sur de la regi\u00f3n oriental de Cuba.<\/p>\n<p>El Centro de Pron\u00f3sticos del Instituto de Meteorolog\u00eda mantiene una estrecha vigilancia sobre la evoluci\u00f3n y futura trayectoria de este hurac\u00e1n de gran intensidad, pues las bandas externas de este sistema incrementar\u00e1n gradualmente los nublados y las precipitaciones en la regi\u00f3n oriental de Cuba. A partir de hoy se iniciar\u00e1n fuertes marejadas en los mares al sur de las provincias de Granma, Santiago de Cuba y Guant\u00e1namo.<\/p>\n<p>El pr\u00f3ximo aviso de cicl\u00f3n tropical se emitir\u00e1 a las seis de la tarde de hoy domingo.<\/p>\n<p><strong>Centro de Pron\u00f3sticos del Instituto de Meteorolog\u00eda\u00a0<\/strong><\/p>\n","protected":false},"excerpt":{"rendered":"<p>El Instituto de Meteorolog\u00eda pronostic\u00f3 que a partir de este domingo se iniciar\u00e1n fuertes marejadas en los mares al sur de las provincias de Granma, Santiago de Cuba y Guant\u00e1namo.<\/p>\n","protected":false},"author":4,"featured_media":56411,"comment_status":"open","ping_status":"open","sticky":false,"template":"","format":"standard","meta":{"_acf_changed":false,"footnotes":""},"categories":[8,3],"tags":[95,368,112],"coauthors":[1883],"class_list":["post-56408","post","type-post","status-publish","format-standard","has-post-thumbnail","hentry","category-noticia","category-cuba","tag-defensa-civil","tag-huracan","tag-meteorologia"],"acf":[],"_links":{"self":[{"href":"https:\/\/www.radiosanctispiritus.cu\/es\/wp-json\/wp\/v2\/posts\/56408","targetHints":{"allow":["GET"]}}],"collection":[{"href":"https:\/\/www.radiosanctispiritus.cu\/es\/wp-json\/wp\/v2\/posts"}],"about":[{"href":"https:\/\/www.radiosanctispiritus.cu\/es\/wp-json\/wp\/v2\/types\/post"}],"author":[{"embeddable":true,"href":"https:\/\/www.radiosanctispiritus.cu\/es\/wp-json\/wp\/v2\/users\/4"}],"replies":[{"embeddable":true,"href":"https:\/\/www.radiosanctispiritus.cu\/es\/wp-json\/wp\/v2\/comments?post=56408"}],"version-history":[{"count":2,"href":"https:\/\/www.radiosanctispiritus.cu\/es\/wp-json\/wp\/v2\/posts\/56408\/revisions"}],"predecessor-version":[{"id":56410,"href":"https:\/\/www.radiosanctispiritus.cu\/es\/wp-json\/wp\/v2\/posts\/56408\/revisions\/56410"}],"wp:featuredmedia":[{"embeddable":true,"href":"https:\/\/www.radiosanctispiritus.cu\/es\/wp-json\/wp\/v2\/media\/56411"}],"wp:attachment":[{"href":"https:\/\/www.radiosanctispiritus.cu\/es\/wp-json\/wp\/v2\/media?parent=56408"}],"wp:term":[{"taxonomy":"category","embeddable":true,"href":"https:\/\/www.radiosanctispiritus.cu\/es\/wp-json\/wp\/v2\/categories?post=56408"},{"taxonomy":"post_tag","embeddable":true,"href":"https:\/\/www.radiosanctispiritus.cu\/es\/wp-json\/wp\/v2\/tags?post=56408"},{"taxonomy":"author","embeddable":true,"href":"https:\/\/www.radiosanctispiritus.cu\/es\/wp-json\/wp\/v2\/coauthors?post=56408"}],"curies":[{"name":"wp","href":"https:\/\/api.w.org\/{rel}","templated":true}]}}