{"id":56389,"date":"2025-10-25T23:44:21","date_gmt":"2025-10-26T03:44:21","guid":{"rendered":"https:\/\/www.radiosanctispiritus.cu\/es\/?p=56389"},"modified":"2025-10-26T06:34:31","modified_gmt":"2025-10-26T10:34:31","slug":"consejo-de-defensa-provincial-puntualiza-medidas-en-sancti-spiritus-ante-amenaza-de-melissa","status":"publish","type":"post","link":"https:\/\/www.radiosanctispiritus.cu\/es\/consejo-de-defensa-provincial-puntualiza-medidas-en-sancti-spiritus-ante-amenaza-de-melissa\/","title":{"rendered":"Consejo de Defensa Provincial puntualiza medidas en Sancti Sp\u00edritus ante amenaza de Melissa"},"content":{"rendered":"<p>Encabezado por Deivy P\u00e9rez Mart\u00edn, presidenta del Consejo de Defensa Provincial, y el vicepresidente Alexis Lorente Jim\u00e9nez, sesion\u00f3 este s\u00e1bado la primera reuni\u00f3n de este \u00f3rgano, luego de ser decretada la Fase Informativa para la provincia.<\/p>\n<p>En un primer momento las autoridades recibieron informaci\u00f3n actualizada de la evoluci\u00f3n del fen\u00f3meno meteorol\u00f3gico gracias a la intervenci\u00f3n de Celia Pino, especialista principal del Grupo de Pron\u00f3sticos del Centro Meteorol\u00f3gico Provincial. Seg\u00fan indic\u00f3, es fundamental prestar atenci\u00f3n a Melissa por las altas probabilidades que tiene de convertirse en un hurac\u00e1n de gran intensidad.<\/p>\n<p>La especialista alert\u00f3 que, de moverse m\u00e1s al oeste, el organismo tropical podr\u00eda afectar a la provincia con lluvias, vientos de hasta 100 km\/h e, incluso, penetraciones del mar. No obstante, aclar\u00f3, hay que seguir de cerca las posibles trayectorias en las pr\u00f3ximas horas.<\/p>\n<p><iframe src=\"https:\/\/www.ivoox.com\/player_ej_161289885_6_1.html?c1=7a0d0b\" width=\"100%\" height=\"200\" frameborder=\"0\" scrolling=\"no\" allowfullscreen=\"allowfullscreen\"><\/iframe><\/p>\n<p>Por su parte, el jefe de la Defensa Civil en la provincia, teniente Coronel Rold\u00e1n Rodr\u00edguez, inform\u00f3 que los consejos de defensa municipales y de zona, as\u00ed como los grupos y subgrupos de trabajo a todos los niveles en el territorio se encuentran activados y se cumple con el protocolo de acciones previstas para esta fase.<\/p>\n<p>Entre las principales medidas que se implementan resaltan mantener la informaci\u00f3n oportuna a la poblaci\u00f3n por los medios oficiales; puntualizar la red de radio aficionados; priorizar la poda de \u00e1rboles que constituyen peligro para el tendido el\u00e9ctrico, la red de comunicaciones, instalaciones y viviendas; y evaluar el estado del fondo habitacional.<\/p>\n<p>La Defensa Civil en el territorio puntualiza la cifra de personas que pudiera ser necesario evacuar por lluvias intensas, inundaciones costeras y las que viven aguas abajo de embalses. Los centros para proteger a esta poblaci\u00f3n y los recursos necesarios como transporte, alimentaci\u00f3n y agua potable, entre otros tambi\u00e9n se garantizan.<\/p>\n<p>Alexis Lorente Jim\u00e9nez asegur\u00f3 que, desde d\u00edas anteriores, se han ejecutado\u00a0 acciones indicadas por el Grupo Temporal de Trabajo, que colocan a la provincia en una mejor situaci\u00f3n para enfrentar los posibles embates de Melissa.<\/p>\n<p><img decoding=\"async\" class=\"size-medium wp-image-56391 aligncenter\" src=\"https:\/\/www.radiosanctispiritus.cu\/es\/wp-content\/uploads\/cdp-600x375.jpg\" alt=\"\" width=\"600\" height=\"375\" srcset=\"https:\/\/www.radiosanctispiritus.cu\/es\/wp-content\/uploads\/cdp-600x375.jpg 600w, https:\/\/www.radiosanctispiritus.cu\/es\/wp-content\/uploads\/cdp-768x480.jpg 768w, https:\/\/www.radiosanctispiritus.cu\/es\/wp-content\/uploads\/cdp.jpg 800w\" sizes=\"(max-width: 600px) 100vw, 600px\" \/><\/p>\n<p>En la reuni\u00f3n se dio a conocer que los embalses del territorio se encuentran a un 34 por ciento de su capacidad total de llenado y se mantiene un monitoreo constante sobre el estado de los mismos.<\/p>\n<p>Aridanes y Lebrije se encuentran a su m\u00e1xima capacidad, mientras que Banao almacena el 95 por ciento del volumen total de agua que puede asimilar. La presa Zaza, la mayor del pa\u00eds, almacens solo el 28 por ciento de su capacidad normal.<\/p>\n<p>Los viales de comunidades que pudieran quedar aisladas por la crecida de r\u00edos tambi\u00e9n son evaluados y sobre ellos se realizan acciones que permitan el mejor acceso en caso de la posible evacuaci\u00f3n de sus pobladores.<\/p>\n<p>Por su parte, la presidenta del Consejo de Defensa Provincial Deivy P\u00e9rez Mart\u00edn insisti\u00f3 en prestarle especial atenci\u00f3n a la franja costera, tanto del sur como del norte de la provincia, y reafirm\u00f3 que la protecci\u00f3n de las vidas humanas es el principal bien que debe resguardarse.<\/p>\n<p>&nbsp;<\/p>\n","protected":false},"excerpt":{"rendered":"<p>El Consejo de Defensa Provincial, encabezado por su presidenta Deivy P\u00e9rez Mart\u00edn, precis\u00f3 las tareas a cumplir en Sancti Sp\u00edritus, al decretar el Estado Mayor Nacional de la Defensa Civil la Fase Informativa para el territorio dada la trayectoria del hurac\u00e1n Melissa.<\/p>\n","protected":false},"author":141,"featured_media":56390,"comment_status":"open","ping_status":"open","sticky":false,"template":"","format":"standard","meta":{"_acf_changed":false,"footnotes":""},"categories":[8,16,9,1],"tags":[1053,1946,95,44,368],"coauthors":[1940],"class_list":["post-56389","post","type-post","status-publish","format-standard","has-post-thumbnail","hentry","category-noticia","category-economia","category-en-audio","category-sancti-spiritus","tag-alexis-lorente","tag-consejo-de-defensa-provincial","tag-defensa-civil","tag-deivy-perez-martin","tag-huracan"],"acf":[],"_links":{"self":[{"href":"https:\/\/www.radiosanctispiritus.cu\/es\/wp-json\/wp\/v2\/posts\/56389","targetHints":{"allow":["GET"]}}],"collection":[{"href":"https:\/\/www.radiosanctispiritus.cu\/es\/wp-json\/wp\/v2\/posts"}],"about":[{"href":"https:\/\/www.radiosanctispiritus.cu\/es\/wp-json\/wp\/v2\/types\/post"}],"author":[{"embeddable":true,"href":"https:\/\/www.radiosanctispiritus.cu\/es\/wp-json\/wp\/v2\/users\/141"}],"replies":[{"embeddable":true,"href":"https:\/\/www.radiosanctispiritus.cu\/es\/wp-json\/wp\/v2\/comments?post=56389"}],"version-history":[{"count":5,"href":"https:\/\/www.radiosanctispiritus.cu\/es\/wp-json\/wp\/v2\/posts\/56389\/revisions"}],"predecessor-version":[{"id":56405,"href":"https:\/\/www.radiosanctispiritus.cu\/es\/wp-json\/wp\/v2\/posts\/56389\/revisions\/56405"}],"wp:featuredmedia":[{"embeddable":true,"href":"https:\/\/www.radiosanctispiritus.cu\/es\/wp-json\/wp\/v2\/media\/56390"}],"wp:attachment":[{"href":"https:\/\/www.radiosanctispiritus.cu\/es\/wp-json\/wp\/v2\/media?parent=56389"}],"wp:term":[{"taxonomy":"category","embeddable":true,"href":"https:\/\/www.radiosanctispiritus.cu\/es\/wp-json\/wp\/v2\/categories?post=56389"},{"taxonomy":"post_tag","embeddable":true,"href":"https:\/\/www.radiosanctispiritus.cu\/es\/wp-json\/wp\/v2\/tags?post=56389"},{"taxonomy":"author","embeddable":true,"href":"https:\/\/www.radiosanctispiritus.cu\/es\/wp-json\/wp\/v2\/coauthors?post=56389"}],"curies":[{"name":"wp","href":"https:\/\/api.w.org\/{rel}","templated":true}]}}