{"id":56328,"date":"2025-10-24T22:04:36","date_gmt":"2025-10-25T02:04:36","guid":{"rendered":"https:\/\/www.radiosanctispiritus.cu\/es\/?p=56328"},"modified":"2025-10-24T23:48:11","modified_gmt":"2025-10-25T03:48:11","slug":"cdr-con-accionar-en-los-barrios-para-enfrentar-posibles-secuelas-de-evento-meteorologico","status":"publish","type":"post","link":"https:\/\/www.radiosanctispiritus.cu\/es\/cdr-con-accionar-en-los-barrios-para-enfrentar-posibles-secuelas-de-evento-meteorologico\/","title":{"rendered":"CDR con accionar en los barrios para enfrentar posibles secuelas de evento meteorol\u00f3gico"},"content":{"rendered":"<p>Ante las probabilidades de que la tormenta tropical Melisa llegue a nuestro territorio, los Comit\u00e9s de Defensa de la Revoluci\u00f3n en Sancti Spiritus se unen al resto de las organizaciones pol\u00edticas y de masa en su labor preventiva. La coordinadora de la organizaci\u00f3n en la provincia Yurquenia Siriana Alonso, as\u00ed lo confirma. <\/p>\n<p>\u00abYa desde horas bien tempranas de la ma\u00f1ana estuvimos participando en el grupo temporal provincial, donde la primera secretaria del partido tom\u00f3 las medidas y adem\u00e1s nos orient\u00f3 una serie de indicaciones para ir trabajando en vista de lo que se avecina con la tormenta tropical Melisa.\u00bb<\/p>\n<p>\u00abTenemos prevista la comunicaci\u00f3n que tenemos desde este momento con cada uno de los representantes a nivel de comunidad para as\u00ed poder divulgar una informaci\u00f3n certera, verdadera, de c\u00f3mo se est\u00e1 comportando hoy el tiempo para los pr\u00f3ximos d\u00edas y cu\u00e1les van a ser las medidas a adoptar.\u00bb<\/p>\n<p><iframe src=\"https:\/\/www.ivoox.com\/player_ej_161261940_6_1.html?c1=7a0d0b\" width=\"100%\" height=\"200\" frameborder=\"0\" allowfullscreen=\"\" scrolling=\"no\" loading=\"lazy\"><\/iframe><\/p>\n","protected":false},"excerpt":{"rendered":"<p>Ante las probabilidades de que la tormenta tropical Melisa llegue a nuestro territorio, los Comit\u00e9s de Defensa de la Revoluci\u00f3n en Sancti Spiritus se unen al resto de las organizaciones pol\u00edticas y de masa en su labor preventiva.<\/p>\n","protected":false},"author":173,"featured_media":56199,"comment_status":"open","ping_status":"open","sticky":false,"template":"","format":"standard","meta":{"_acf_changed":false,"footnotes":""},"categories":[9,1],"tags":[324,1342,1243,907,111],"coauthors":[1865],"class_list":["post-56328","post","type-post","status-publish","format-standard","has-post-thumbnail","hentry","category-en-audio","category-sancti-spiritus","tag-cdr","tag-ciclon","tag-ciclon-tropical","tag-comites-de-defensa-de-la-revolucion","tag-temporada-ciclonica"],"acf":[],"_links":{"self":[{"href":"https:\/\/www.radiosanctispiritus.cu\/es\/wp-json\/wp\/v2\/posts\/56328","targetHints":{"allow":["GET"]}}],"collection":[{"href":"https:\/\/www.radiosanctispiritus.cu\/es\/wp-json\/wp\/v2\/posts"}],"about":[{"href":"https:\/\/www.radiosanctispiritus.cu\/es\/wp-json\/wp\/v2\/types\/post"}],"author":[{"embeddable":true,"href":"https:\/\/www.radiosanctispiritus.cu\/es\/wp-json\/wp\/v2\/users\/173"}],"replies":[{"embeddable":true,"href":"https:\/\/www.radiosanctispiritus.cu\/es\/wp-json\/wp\/v2\/comments?post=56328"}],"version-history":[{"count":2,"href":"https:\/\/www.radiosanctispiritus.cu\/es\/wp-json\/wp\/v2\/posts\/56328\/revisions"}],"predecessor-version":[{"id":56339,"href":"https:\/\/www.radiosanctispiritus.cu\/es\/wp-json\/wp\/v2\/posts\/56328\/revisions\/56339"}],"wp:featuredmedia":[{"embeddable":true,"href":"https:\/\/www.radiosanctispiritus.cu\/es\/wp-json\/wp\/v2\/media\/56199"}],"wp:attachment":[{"href":"https:\/\/www.radiosanctispiritus.cu\/es\/wp-json\/wp\/v2\/media?parent=56328"}],"wp:term":[{"taxonomy":"category","embeddable":true,"href":"https:\/\/www.radiosanctispiritus.cu\/es\/wp-json\/wp\/v2\/categories?post=56328"},{"taxonomy":"post_tag","embeddable":true,"href":"https:\/\/www.radiosanctispiritus.cu\/es\/wp-json\/wp\/v2\/tags?post=56328"},{"taxonomy":"author","embeddable":true,"href":"https:\/\/www.radiosanctispiritus.cu\/es\/wp-json\/wp\/v2\/coauthors?post=56328"}],"curies":[{"name":"wp","href":"https:\/\/api.w.org\/{rel}","templated":true}]}}