{"id":56277,"date":"2025-10-24T15:14:21","date_gmt":"2025-10-24T19:14:21","guid":{"rendered":"https:\/\/www.radiosanctispiritus.cu\/es\/?p=56277"},"modified":"2025-10-24T15:14:21","modified_gmt":"2025-10-24T19:14:21","slug":"sesiono-en-cabaiguan-asamblea-municipal-de-la-feem","status":"publish","type":"post","link":"https:\/\/www.radiosanctispiritus.cu\/es\/sesiono-en-cabaiguan-asamblea-municipal-de-la-feem\/","title":{"rendered":"Sesion\u00f3 en Cabaigu\u00e1n Asamblea Municipal de la FEEM"},"content":{"rendered":"<p>Bajo el lema \u201cEstamos construyendo futuro\u201d se realiz\u00f3 este jueves en Cabaigu\u00e1n la Asamblea Municipal de la Federaci\u00f3n de Estudiantes de la Ense\u00f1anza Media, a la cual asistieron 30 j\u00f3venes en representaci\u00f3n de los diferentes centros de esa ense\u00f1anza.<\/p>\n<p><iframe src=\"https:\/\/www.ivoox.com\/player_ej_161216799_6_1.html?c1=7a0d0b\" width=\"100%\" height=\"200\" frameborder=\"0\" scrolling=\"no\" allowfullscreen=\"allowfullscreen\"><\/iframe><\/p>\n<p>El trabajo en comisiones permiti\u00f3 conocer criterios e inquietudes de los estudiantes en cuanto al funcionamiento org\u00e1nico de la FEEM, el trabajo pol\u00edtico e ideol\u00f3gico y la implementaci\u00f3n de las prioridades de trabajo aprobadas en la II Asamblea Nacional Aqu\u00ed con Cuba.<\/p>\n<p>Yamile Cruz Garc\u00eda Miembro del Bur\u00f3 Municipal del Partido en Cabaigu\u00e1n insisti\u00f3 en la necesidad de fortalecer el trabajo de la organizaci\u00f3n y su contribuci\u00f3n al desarrollo de los procesos estudiantiles con calidad, y promover una mayor participaci\u00f3n de la membres\u00eda en el impulso a las diferentes tareas econ\u00f3micas, pol\u00edticas y sociales.<\/p>\n<p>De igual modo en sesi\u00f3n plenaria se debati\u00f3 el informe presentado con las principales tareas acometidas por la organizaci\u00f3n estudiantil en el curso escolar 2024-2025, y se aprobaron las proyecciones de trabajo para la presente etapa lectiva. En esta jornada la FEEM cabaiguanense eligi\u00f3 a su nueva direcci\u00f3n, la cual estar\u00e1 encabezada ahora por Kevin Caro de la Rivera, estudiante de Contabilidad y Finanzas en el Centro Polit\u00e9cnico Rub\u00e9n Mart\u00ednez Villena.<\/p>\n","protected":false},"excerpt":{"rendered":"<p>Bajo el lema \u201cEstamos construyendo futuro\u201d se realiz\u00f3 este jueves en Cabaigu\u00e1n la Asamblea Municipal de la Federaci\u00f3n de Estudiantes de la Ense\u00f1anza Media, a la cual asistieron 30 j\u00f3venes en representaci\u00f3n de los diferentes centros de esa ense\u00f1anza.<\/p>\n","protected":false},"author":176,"featured_media":56278,"comment_status":"open","ping_status":"open","sticky":false,"template":"","format":"standard","meta":{"_acf_changed":false,"footnotes":""},"categories":[8,9],"tags":[],"coauthors":[1918],"class_list":["post-56277","post","type-post","status-publish","format-standard","has-post-thumbnail","hentry","category-noticia","category-en-audio"],"acf":[],"_links":{"self":[{"href":"https:\/\/www.radiosanctispiritus.cu\/es\/wp-json\/wp\/v2\/posts\/56277","targetHints":{"allow":["GET"]}}],"collection":[{"href":"https:\/\/www.radiosanctispiritus.cu\/es\/wp-json\/wp\/v2\/posts"}],"about":[{"href":"https:\/\/www.radiosanctispiritus.cu\/es\/wp-json\/wp\/v2\/types\/post"}],"author":[{"embeddable":true,"href":"https:\/\/www.radiosanctispiritus.cu\/es\/wp-json\/wp\/v2\/users\/176"}],"replies":[{"embeddable":true,"href":"https:\/\/www.radiosanctispiritus.cu\/es\/wp-json\/wp\/v2\/comments?post=56277"}],"version-history":[{"count":1,"href":"https:\/\/www.radiosanctispiritus.cu\/es\/wp-json\/wp\/v2\/posts\/56277\/revisions"}],"predecessor-version":[{"id":56279,"href":"https:\/\/www.radiosanctispiritus.cu\/es\/wp-json\/wp\/v2\/posts\/56277\/revisions\/56279"}],"wp:featuredmedia":[{"embeddable":true,"href":"https:\/\/www.radiosanctispiritus.cu\/es\/wp-json\/wp\/v2\/media\/56278"}],"wp:attachment":[{"href":"https:\/\/www.radiosanctispiritus.cu\/es\/wp-json\/wp\/v2\/media?parent=56277"}],"wp:term":[{"taxonomy":"category","embeddable":true,"href":"https:\/\/www.radiosanctispiritus.cu\/es\/wp-json\/wp\/v2\/categories?post=56277"},{"taxonomy":"post_tag","embeddable":true,"href":"https:\/\/www.radiosanctispiritus.cu\/es\/wp-json\/wp\/v2\/tags?post=56277"},{"taxonomy":"author","embeddable":true,"href":"https:\/\/www.radiosanctispiritus.cu\/es\/wp-json\/wp\/v2\/coauthors?post=56277"}],"curies":[{"name":"wp","href":"https:\/\/api.w.org\/{rel}","templated":true}]}}