{"id":56262,"date":"2025-10-24T22:16:58","date_gmt":"2025-10-25T02:16:58","guid":{"rendered":"https:\/\/www.radiosanctispiritus.cu\/es\/?p=56262"},"modified":"2025-10-24T22:15:43","modified_gmt":"2025-10-25T02:15:43","slug":"sancti-spiritus-se-prepara-ante-el-posible-impacto-de-melissa","status":"publish","type":"post","link":"https:\/\/www.radiosanctispiritus.cu\/es\/sancti-spiritus-se-prepara-ante-el-posible-impacto-de-melissa\/","title":{"rendered":"Sancti Sp\u00edritus se prepara ante el posible impacto de Melissa"},"content":{"rendered":"<p>Ante la amenaza del posible impacto de la tormenta tropical Melissa, se reuni\u00f3 el Grupo de Trabajo Temporal, encabezado por Deivy P\u00e9rez Mart\u00edn, miembro del Comit\u00e9 Central del Partido y primera secretaria de la organizaci\u00f3n en Sancti Sp\u00edritus, junto al gobernador provincial, Alexis Lorente Jim\u00e9nez, para coordinar acciones encaminadas a minimizar los da\u00f1os provocados por vientos fuertes y lluvias intensas.<\/p>\n<p>Durante el encuentro, P\u00e9rez Mart\u00edn insisti\u00f3 en la necesidad de mantener informada a la poblaci\u00f3n, garantizar soluciones ante posibles interrupciones el\u00e9ctricas y elevar la percepci\u00f3n de riesgo frente al fen\u00f3meno meteorol\u00f3gico.<\/p>\n<div id=\"attachment_56265\" style=\"width: 610px\" class=\"wp-caption aligncenter\"><img decoding=\"async\" aria-describedby=\"caption-attachment-56265\" class=\"wp-image-56265 size-medium\" src=\"https:\/\/www.radiosanctispiritus.cu\/es\/wp-content\/uploads\/WhatsApp-Image-2025-10-24-at-8.05.22-AM-600x450.jpeg\" alt=\"\" width=\"600\" height=\"450\" srcset=\"https:\/\/www.radiosanctispiritus.cu\/es\/wp-content\/uploads\/WhatsApp-Image-2025-10-24-at-8.05.22-AM-600x450.jpeg 600w, https:\/\/www.radiosanctispiritus.cu\/es\/wp-content\/uploads\/WhatsApp-Image-2025-10-24-at-8.05.22-AM-1024x768.jpeg 1024w, https:\/\/www.radiosanctispiritus.cu\/es\/wp-content\/uploads\/WhatsApp-Image-2025-10-24-at-8.05.22-AM-768x576.jpeg 768w, https:\/\/www.radiosanctispiritus.cu\/es\/wp-content\/uploads\/WhatsApp-Image-2025-10-24-at-8.05.22-AM.jpeg 1040w\" sizes=\"(max-width: 600px) 100vw, 600px\" \/><p id=\"caption-attachment-56265\" class=\"wp-caption-text\">Foto: Crist\u00f3bal \u00c1lamo<\/p><\/div>\n<p>La Empresa El\u00e9ctrica Provincial inform\u00f3 que ya revisa el estado de los grupos de generaci\u00f3n distribuida y se prepara para formar islas energ\u00e9ticas, en caso de ser necesario, con el objetivo de asegurar el suministro a centros vitales, como hospitales y otros servicios esenciales.<\/p>\n<p>Por su parte, la Delegaci\u00f3n Provincial de Recursos Hidr\u00e1ulicos verifica el correcto funcionamiento de los mecanismos de evacuaci\u00f3n en las presas, mientras que el sector agr\u00edcola realiza chequeos en micropresas y tranques para prevenir desbordamientos e inundaciones.<\/p>\n<div id=\"attachment_56264\" style=\"width: 610px\" class=\"wp-caption aligncenter\"><img decoding=\"async\" aria-describedby=\"caption-attachment-56264\" class=\"wp-image-56264 size-medium\" src=\"https:\/\/www.radiosanctispiritus.cu\/es\/wp-content\/uploads\/WhatsApp-Image-2025-10-24-at-8.05.22-AM1-600x450.jpeg\" alt=\"\" width=\"600\" height=\"450\" srcset=\"https:\/\/www.radiosanctispiritus.cu\/es\/wp-content\/uploads\/WhatsApp-Image-2025-10-24-at-8.05.22-AM1-600x450.jpeg 600w, https:\/\/www.radiosanctispiritus.cu\/es\/wp-content\/uploads\/WhatsApp-Image-2025-10-24-at-8.05.22-AM1-1024x768.jpeg 1024w, https:\/\/www.radiosanctispiritus.cu\/es\/wp-content\/uploads\/WhatsApp-Image-2025-10-24-at-8.05.22-AM1-768x576.jpeg 768w, https:\/\/www.radiosanctispiritus.cu\/es\/wp-content\/uploads\/WhatsApp-Image-2025-10-24-at-8.05.22-AM1.jpeg 1040w\" sizes=\"(max-width: 600px) 100vw, 600px\" \/><p id=\"caption-attachment-56264\" class=\"wp-caption-text\">Foto: Crist\u00f3bal \u00c1lamo<\/p><\/div>\n<p>Desde hace varios d\u00edas, ante la posible trayectoria de Melissa, entidades agropecuarias y productores han acelerado la recolecci\u00f3n de cosechas, preparan la evacuaci\u00f3n de animales y adoptan medidas para proteger sus instalaciones.<\/p>\n<p>Francisco Fern\u00e1ndez Quinter, director orovincial de Salud, confirm\u00f3 que todos los centros asistenciales est\u00e1n en proceso de alistamiento; en tanto, se revisa la disponibilidad de camas, medicamentos y recursos humanos para garantizar la atenci\u00f3n durante el evento meteorol\u00f3gico.<\/p>\n<p>Asimismo, la Direcci\u00f3n Provincial de Transporte eval\u00faa y actualiza los planes de evacuaci\u00f3n de personas en zonas vulnerables, especialmente en \u00e1reas ubicadas aguas abajo de las presas, con \u00e9nfasis en la Zaza.<\/p>\n<div id=\"attachment_56266\" style=\"width: 610px\" class=\"wp-caption aligncenter\"><img decoding=\"async\" aria-describedby=\"caption-attachment-56266\" class=\"size-medium wp-image-56266\" src=\"https:\/\/www.radiosanctispiritus.cu\/es\/wp-content\/uploads\/WhatsApp-Image-2025-10-24-at-11.41.44-AM-600x450.jpeg\" alt=\"\" width=\"600\" height=\"450\" srcset=\"https:\/\/www.radiosanctispiritus.cu\/es\/wp-content\/uploads\/WhatsApp-Image-2025-10-24-at-11.41.44-AM-600x450.jpeg 600w, https:\/\/www.radiosanctispiritus.cu\/es\/wp-content\/uploads\/WhatsApp-Image-2025-10-24-at-11.41.44-AM-1024x768.jpeg 1024w, https:\/\/www.radiosanctispiritus.cu\/es\/wp-content\/uploads\/WhatsApp-Image-2025-10-24-at-11.41.44-AM-768x576.jpeg 768w, https:\/\/www.radiosanctispiritus.cu\/es\/wp-content\/uploads\/WhatsApp-Image-2025-10-24-at-11.41.44-AM.jpeg 1040w\" sizes=\"(max-width: 600px) 100vw, 600px\" \/><p id=\"caption-attachment-56266\" class=\"wp-caption-text\">Foto: Crist\u00f3bal \u00c1lamo<\/p><\/div>\n<p>En materia de abastecimiento, se ha dispuesto la distribuci\u00f3n anticipada de tres libras de arroz y una de az\u00facar por consumidor, con el prop\u00f3sito de que la poblaci\u00f3n las adquiera oportunamente y se eviten p\u00e9rdidas en las bodegas. Paralelamente, se inspecciona el estado de los almacenes para proteger los productos.<\/p>\n<p>Finalmente, Deivy P\u00e9rez Mart\u00edn orient\u00f3 a todos los cuadros del territorio a trabajar con intensidad en los d\u00edas previos al posible impacto de Melissa, con el objetivo principal de preservar vidas humanas y reducir da\u00f1os materiales. Reiter\u00f3 el llamado a la poblaci\u00f3n a mantenerse informada a trav\u00e9s de los medios oficiales, cumplir las indicaciones de la Defensa Civil y actuar con disciplina y responsabilidad ante el paso del fen\u00f3meno.<\/p>\n<p>&nbsp;<\/p>\n","protected":false},"excerpt":{"rendered":"<p>Durante el encuentro, P\u00e9rez Mart\u00edn insisti\u00f3 en la necesidad de mantener informada a la poblaci\u00f3n, garantizar soluciones ante posibles interrupciones el\u00e9ctricas y elevar la percepci\u00f3n de riesgo frente al fen\u00f3meno meteorol\u00f3gico.<\/p>\n","protected":false},"author":141,"featured_media":56263,"comment_status":"open","ping_status":"open","sticky":false,"template":"","format":"standard","meta":{"_acf_changed":false,"footnotes":""},"categories":[8,1],"tags":[1342,1243,111],"coauthors":[1940],"class_list":["post-56262","post","type-post","status-publish","format-standard","has-post-thumbnail","hentry","category-noticia","category-sancti-spiritus","tag-ciclon","tag-ciclon-tropical","tag-temporada-ciclonica"],"acf":[],"_links":{"self":[{"href":"https:\/\/www.radiosanctispiritus.cu\/es\/wp-json\/wp\/v2\/posts\/56262","targetHints":{"allow":["GET"]}}],"collection":[{"href":"https:\/\/www.radiosanctispiritus.cu\/es\/wp-json\/wp\/v2\/posts"}],"about":[{"href":"https:\/\/www.radiosanctispiritus.cu\/es\/wp-json\/wp\/v2\/types\/post"}],"author":[{"embeddable":true,"href":"https:\/\/www.radiosanctispiritus.cu\/es\/wp-json\/wp\/v2\/users\/141"}],"replies":[{"embeddable":true,"href":"https:\/\/www.radiosanctispiritus.cu\/es\/wp-json\/wp\/v2\/comments?post=56262"}],"version-history":[{"count":2,"href":"https:\/\/www.radiosanctispiritus.cu\/es\/wp-json\/wp\/v2\/posts\/56262\/revisions"}],"predecessor-version":[{"id":56268,"href":"https:\/\/www.radiosanctispiritus.cu\/es\/wp-json\/wp\/v2\/posts\/56262\/revisions\/56268"}],"wp:featuredmedia":[{"embeddable":true,"href":"https:\/\/www.radiosanctispiritus.cu\/es\/wp-json\/wp\/v2\/media\/56263"}],"wp:attachment":[{"href":"https:\/\/www.radiosanctispiritus.cu\/es\/wp-json\/wp\/v2\/media?parent=56262"}],"wp:term":[{"taxonomy":"category","embeddable":true,"href":"https:\/\/www.radiosanctispiritus.cu\/es\/wp-json\/wp\/v2\/categories?post=56262"},{"taxonomy":"post_tag","embeddable":true,"href":"https:\/\/www.radiosanctispiritus.cu\/es\/wp-json\/wp\/v2\/tags?post=56262"},{"taxonomy":"author","embeddable":true,"href":"https:\/\/www.radiosanctispiritus.cu\/es\/wp-json\/wp\/v2\/coauthors?post=56262"}],"curies":[{"name":"wp","href":"https:\/\/api.w.org\/{rel}","templated":true}]}}