{"id":56224,"date":"2025-10-23T21:22:13","date_gmt":"2025-10-24T01:22:13","guid":{"rendered":"https:\/\/www.radiosanctispiritus.cu\/es\/?p=56224"},"modified":"2025-10-23T21:22:13","modified_gmt":"2025-10-24T01:22:13","slug":"region-militar-espirituana-aprueba-candidatos-a-congreso-partidista","status":"publish","type":"post","link":"https:\/\/www.radiosanctispiritus.cu\/es\/region-militar-espirituana-aprueba-candidatos-a-congreso-partidista\/","title":{"rendered":"Regi\u00f3n Militar espirituana aprueba candidatos a Congreso partidista"},"content":{"rendered":"<p>En la regi\u00f3n militar de Sancti Sp\u00edritus tuvo lugar un colectivo ampliado del organismo pol\u00edtico del Ej\u00e9rcito Central para la entrega de avales a un grupo de j\u00f3venes que integrar\u00e1n el pr\u00f3ximo a\u00f1o las filas del Partido Comunista de Cuba y la aprobaci\u00f3n de los candidatos a delegados al IX Congreso de la Organizaci\u00f3n y a miembros del Comit\u00e9 Central. El acto estuvo presidido por el jefe de la secci\u00f3n pol\u00edtica del Ej\u00e9rcito Central, primer coronel Antonio Luis \u00c1lvarez Blanco, y el jefe del Estado Mayor de la Regi\u00f3n Militar Espirituana, primer coronel Jes\u00fas Aguiar Llerena, as\u00ed como representantes sindicales y de la Uni\u00f3n de J\u00f3venes Comunistas. Durante la ceremonia se reconoci\u00f3 el quehacer de las nuevas generaciones en la continuidad de la revoluci\u00f3n y se subray\u00f3 la importancia del proceso de aval otorgado por la UJC a militantes que cumplen requisitos pol\u00edticos e ideol\u00f3gicos para ser propuestos por sus n\u00facleos como aspirantes al partido.<\/p>\n<p>En la segunda parte de la jornada se present\u00f3 la relaci\u00f3n de precandidatos seleccionados en cada organizaci\u00f3n de base durante el proceso org\u00e1nico. Tras las consultas y evaluaciones se aprobaron las propuestas de candidatos a miembros del Comit\u00e9 Central y delegados al venidero Congreso del Partido. El primer coronel Antonio Luis \u00c1lvarez Blanco destac\u00f3 el car\u00e1cter trascendente de esta etapa que forma parte del proceso org\u00e1nico del m\u00e1ximo evento partidista del pa\u00eds y felicit\u00f3 a los propuestos por sus resultados y compromisos pol\u00edticos.<\/p>\n<p>Subray\u00f3 que el partido se fortalece con la incorporaci\u00f3n consciente de los j\u00f3venes y con la selecci\u00f3n rigurosa de quienes representan a sus colectivos ante el Congreso.<\/p>\n<p><iframe src=\"https:\/\/www.ivoox.com\/player_ej_161216947_6_1.html\" width=\"100%\" height=\"200\" frameborder=\"0\" allowfullscreen=\"\" scrolling=\"no\" loading=\"lazy\"><\/iframe><\/p>\n","protected":false},"excerpt":{"rendered":"<p>En la regi\u00f3n militar de Sancti Sp\u00edritus tuvo lugar un colectivo ampliado del organismo pol\u00edtico del Ej\u00e9rcito Central para la entrega de avales a un grupo de j\u00f3venes que integrar\u00e1n el pr\u00f3ximo a\u00f1o las filas del Partido Comunista de Cuba.<\/p>\n","protected":false},"author":18,"featured_media":56230,"comment_status":"open","ping_status":"open","sticky":false,"template":"","format":"standard","meta":{"_acf_changed":false,"footnotes":""},"categories":[9,1],"tags":[1138,74,75,235,979],"coauthors":[1874],"class_list":["post-56224","post","type-post","status-publish","format-standard","has-post-thumbnail","hentry","category-en-audio","category-sancti-spiritus","tag-ejercito-central","tag-partido-comunista-de-cuba","tag-pcc","tag-ujc","tag-union-de-jovenes-comunistas"],"acf":[],"_links":{"self":[{"href":"https:\/\/www.radiosanctispiritus.cu\/es\/wp-json\/wp\/v2\/posts\/56224","targetHints":{"allow":["GET"]}}],"collection":[{"href":"https:\/\/www.radiosanctispiritus.cu\/es\/wp-json\/wp\/v2\/posts"}],"about":[{"href":"https:\/\/www.radiosanctispiritus.cu\/es\/wp-json\/wp\/v2\/types\/post"}],"author":[{"embeddable":true,"href":"https:\/\/www.radiosanctispiritus.cu\/es\/wp-json\/wp\/v2\/users\/18"}],"replies":[{"embeddable":true,"href":"https:\/\/www.radiosanctispiritus.cu\/es\/wp-json\/wp\/v2\/comments?post=56224"}],"version-history":[{"count":3,"href":"https:\/\/www.radiosanctispiritus.cu\/es\/wp-json\/wp\/v2\/posts\/56224\/revisions"}],"predecessor-version":[{"id":56231,"href":"https:\/\/www.radiosanctispiritus.cu\/es\/wp-json\/wp\/v2\/posts\/56224\/revisions\/56231"}],"wp:featuredmedia":[{"embeddable":true,"href":"https:\/\/www.radiosanctispiritus.cu\/es\/wp-json\/wp\/v2\/media\/56230"}],"wp:attachment":[{"href":"https:\/\/www.radiosanctispiritus.cu\/es\/wp-json\/wp\/v2\/media?parent=56224"}],"wp:term":[{"taxonomy":"category","embeddable":true,"href":"https:\/\/www.radiosanctispiritus.cu\/es\/wp-json\/wp\/v2\/categories?post=56224"},{"taxonomy":"post_tag","embeddable":true,"href":"https:\/\/www.radiosanctispiritus.cu\/es\/wp-json\/wp\/v2\/tags?post=56224"},{"taxonomy":"author","embeddable":true,"href":"https:\/\/www.radiosanctispiritus.cu\/es\/wp-json\/wp\/v2\/coauthors?post=56224"}],"curies":[{"name":"wp","href":"https:\/\/api.w.org\/{rel}","templated":true}]}}