{"id":56198,"date":"2025-10-23T11:55:08","date_gmt":"2025-10-23T15:55:08","guid":{"rendered":"https:\/\/www.radiosanctispiritus.cu\/es\/?p=56198"},"modified":"2025-10-23T11:55:08","modified_gmt":"2025-10-23T15:55:08","slug":"tormenta-tropical-melissa-se-mueve-a-seis-kilometros-por-hora-en-aguas-del-caribe","status":"publish","type":"post","link":"https:\/\/www.radiosanctispiritus.cu\/es\/tormenta-tropical-melissa-se-mueve-a-seis-kilometros-por-hora-en-aguas-del-caribe\/","title":{"rendered":"Tormenta tropical Melissa se mueve a seis kil\u00f3metros por hora en aguas del Caribe"},"content":{"rendered":"<p>Durante las \u00faltimas horas la tormenta tropical Melissa ha mostrado poco cambio sobre aguas del mar Caribe, movi\u00e9ndose lentamente al oeste-noroeste, con ligeras fluctuaciones en su velocidad de traslaci\u00f3n, que <strong>ahora es de seis kil\u00f3metros por hora, <\/strong>inform\u00f3 en su m\u00e1s reciente parte el Centro de Pron\u00f3sticos del Instituto de Meteorolog\u00eda.<\/p>\n<p>A las seis de la ma\u00f1ana su regi\u00f3n central se estim\u00f3 en los 15.0 grados de latitud Norte y los 75.0 grados de longitud Oeste, posici\u00f3n que la sit\u00faa a <strong>unos 370 kil\u00f3metros al sudeste de Kingston, Jamaica.<\/strong> Melissa contin\u00faa con vientos m\u00e1ximos sostenidos de 85 kil\u00f3metros por hora, con rachas superiores y su presi\u00f3n central ascendi\u00f3 a 1002 hectoPascal.<\/p>\n<p>En las pr\u00f3ximas veinticuatro horas este sistema mantendr\u00e1 similar velocidad de traslaci\u00f3n, inclinando gradualmente su trayectoria al noroeste y luego al norte. La tormenta tropical Melissa se mantendr\u00e1 con poco movimiento durante los pr\u00f3ximos d\u00edas sobre el mar Caribe central, al sur de las Antillas Mayores. Las condiciones oce\u00e1nicas y atmosf\u00e9ricas ser\u00e1n favorables para su gradual intensificaci\u00f3n.<\/p>\n<p>Dada la posici\u00f3n actual, su lento movimiento sobre las aguas c\u00e1lidas del mar Caribe y la \u00e9poca del a\u00f1o, el Centro de Pron\u00f3sticos del Instituto de Meteorolog\u00eda mantiene estrecha vigilancia sobre la evoluci\u00f3n y futura trayectoria de este sistema, que representa un peligro potencial para nuestra \u00e1rea geogr\u00e1fica.<\/p>\n<p>El pr\u00f3ximo aviso de cicl\u00f3n tropical relacionado con este sistema se emitir\u00e1 a las seis de la tarde de este jueves.<\/p>\n<p><em><strong>Tomado de <a href=\"http:\/\/www.cubadebate.cu\/noticias\/2025\/10\/23\/tormenta-tropical-melissa-ahora-se-mueve-a-seis-kilometros-por-hora-en-el-caribe\/\" target=\"_blank\" rel=\"noopener noreferrer nofollow\">Cubadebate<\/a><\/strong><\/em><\/p>\n","protected":false},"excerpt":{"rendered":"<p>Durante las \u00faltimas horas la tormenta tropical Melissa ha mostrado poco cambio sobre aguas del mar Caribe, movi\u00e9ndose lentamente al oeste-noroeste, con ligeras fluctuaciones en su velocidad de traslaci\u00f3n<\/p>\n","protected":false},"author":4,"featured_media":56199,"comment_status":"open","ping_status":"open","sticky":false,"template":"","format":"standard","meta":{"_acf_changed":false,"footnotes":""},"categories":[8,3],"tags":[112,294,351],"coauthors":[1883],"class_list":["post-56198","post","type-post","status-publish","format-standard","has-post-thumbnail","hentry","category-noticia","category-cuba","tag-meteorologia","tag-sistema-meteorologico","tag-tormenta-tropical"],"acf":[],"_links":{"self":[{"href":"https:\/\/www.radiosanctispiritus.cu\/es\/wp-json\/wp\/v2\/posts\/56198","targetHints":{"allow":["GET"]}}],"collection":[{"href":"https:\/\/www.radiosanctispiritus.cu\/es\/wp-json\/wp\/v2\/posts"}],"about":[{"href":"https:\/\/www.radiosanctispiritus.cu\/es\/wp-json\/wp\/v2\/types\/post"}],"author":[{"embeddable":true,"href":"https:\/\/www.radiosanctispiritus.cu\/es\/wp-json\/wp\/v2\/users\/4"}],"replies":[{"embeddable":true,"href":"https:\/\/www.radiosanctispiritus.cu\/es\/wp-json\/wp\/v2\/comments?post=56198"}],"version-history":[{"count":2,"href":"https:\/\/www.radiosanctispiritus.cu\/es\/wp-json\/wp\/v2\/posts\/56198\/revisions"}],"predecessor-version":[{"id":56201,"href":"https:\/\/www.radiosanctispiritus.cu\/es\/wp-json\/wp\/v2\/posts\/56198\/revisions\/56201"}],"wp:featuredmedia":[{"embeddable":true,"href":"https:\/\/www.radiosanctispiritus.cu\/es\/wp-json\/wp\/v2\/media\/56199"}],"wp:attachment":[{"href":"https:\/\/www.radiosanctispiritus.cu\/es\/wp-json\/wp\/v2\/media?parent=56198"}],"wp:term":[{"taxonomy":"category","embeddable":true,"href":"https:\/\/www.radiosanctispiritus.cu\/es\/wp-json\/wp\/v2\/categories?post=56198"},{"taxonomy":"post_tag","embeddable":true,"href":"https:\/\/www.radiosanctispiritus.cu\/es\/wp-json\/wp\/v2\/tags?post=56198"},{"taxonomy":"author","embeddable":true,"href":"https:\/\/www.radiosanctispiritus.cu\/es\/wp-json\/wp\/v2\/coauthors?post=56198"}],"curies":[{"name":"wp","href":"https:\/\/api.w.org\/{rel}","templated":true}]}}