{"id":56111,"date":"2025-10-21T15:00:19","date_gmt":"2025-10-21T19:00:19","guid":{"rendered":"https:\/\/www.radiosanctispiritus.cu\/es\/?p=56111"},"modified":"2025-10-21T15:00:19","modified_gmt":"2025-10-21T19:00:19","slug":"jornada-del-innovador-incluye-acciones-en-cabaiguan","status":"publish","type":"post","link":"https:\/\/www.radiosanctispiritus.cu\/es\/jornada-del-innovador-incluye-acciones-en-cabaiguan\/","title":{"rendered":"Jornada del Innovador incluye acciones en Cabaigu\u00e1n"},"content":{"rendered":"<p>Durante el mes de octubre, varias iniciativas celebran la Jornada del Innovador en los diferentes colectivos laborales de Cabaigu\u00e1n.<\/p>\n<p>Los aniristas del territorio acogen la efem\u00e9ride con un amplio plan de actividades que dio inicio con la realizaci\u00f3n de un matutino especial para recordar al Che, presidente de honor de la Asociaci\u00f3n Nacional de Innovadores y Racionalizadores, en el aniversario 58 de su captura y posterior asesinato.<\/p>\n<p><iframe src=\"https:\/\/www.ivoox.com\/player_ej_160984120_6_1.html?c1=7a0d0b\" width=\"100%\" height=\"200\" frameborder=\"0\" scrolling=\"no\" allowfullscreen=\"allowfullscreen\"><\/iframe><\/p>\n","protected":false},"excerpt":{"rendered":"<p>Durante el mes de octubre, varias iniciativas celebran la Jornada del Innovador en los diferentes colectivos laborales de Cabaigu\u00e1n.<\/p>\n","protected":false},"author":176,"featured_media":12029,"comment_status":"open","ping_status":"open","sticky":false,"template":"","format":"standard","meta":{"_acf_changed":false,"footnotes":""},"categories":[8,9],"tags":[],"coauthors":[1918],"class_list":["post-56111","post","type-post","status-publish","format-standard","has-post-thumbnail","hentry","category-noticia","category-en-audio"],"acf":[],"_links":{"self":[{"href":"https:\/\/www.radiosanctispiritus.cu\/es\/wp-json\/wp\/v2\/posts\/56111","targetHints":{"allow":["GET"]}}],"collection":[{"href":"https:\/\/www.radiosanctispiritus.cu\/es\/wp-json\/wp\/v2\/posts"}],"about":[{"href":"https:\/\/www.radiosanctispiritus.cu\/es\/wp-json\/wp\/v2\/types\/post"}],"author":[{"embeddable":true,"href":"https:\/\/www.radiosanctispiritus.cu\/es\/wp-json\/wp\/v2\/users\/176"}],"replies":[{"embeddable":true,"href":"https:\/\/www.radiosanctispiritus.cu\/es\/wp-json\/wp\/v2\/comments?post=56111"}],"version-history":[{"count":2,"href":"https:\/\/www.radiosanctispiritus.cu\/es\/wp-json\/wp\/v2\/posts\/56111\/revisions"}],"predecessor-version":[{"id":56113,"href":"https:\/\/www.radiosanctispiritus.cu\/es\/wp-json\/wp\/v2\/posts\/56111\/revisions\/56113"}],"wp:featuredmedia":[{"embeddable":true,"href":"https:\/\/www.radiosanctispiritus.cu\/es\/wp-json\/wp\/v2\/media\/12029"}],"wp:attachment":[{"href":"https:\/\/www.radiosanctispiritus.cu\/es\/wp-json\/wp\/v2\/media?parent=56111"}],"wp:term":[{"taxonomy":"category","embeddable":true,"href":"https:\/\/www.radiosanctispiritus.cu\/es\/wp-json\/wp\/v2\/categories?post=56111"},{"taxonomy":"post_tag","embeddable":true,"href":"https:\/\/www.radiosanctispiritus.cu\/es\/wp-json\/wp\/v2\/tags?post=56111"},{"taxonomy":"author","embeddable":true,"href":"https:\/\/www.radiosanctispiritus.cu\/es\/wp-json\/wp\/v2\/coauthors?post=56111"}],"curies":[{"name":"wp","href":"https:\/\/api.w.org\/{rel}","templated":true}]}}