{"id":55923,"date":"2025-10-17T15:07:31","date_gmt":"2025-10-17T19:07:31","guid":{"rendered":"https:\/\/www.radiosanctispiritus.cu\/es\/?p=55923"},"modified":"2025-10-17T15:07:31","modified_gmt":"2025-10-17T19:07:31","slug":"cabaiguan-en-campana-de-vacunacion-contra-el-virus-del-papiloma-humano","status":"publish","type":"post","link":"https:\/\/www.radiosanctispiritus.cu\/es\/cabaiguan-en-campana-de-vacunacion-contra-el-virus-del-papiloma-humano\/","title":{"rendered":"Cabaigu\u00e1n en campa\u00f1a de vacunaci\u00f3n contra el virus del papiloma humano"},"content":{"rendered":"<p>El lunes 27 de octubre inicia de la campa\u00f1a de vacunaci\u00f3n contra el <a href=\"https:\/\/www.ecured.cu\/Virus_del_papiloma_humano\" target=\"_blank\" rel=\"noopener noreferrer nofollow\">Virus del Papiloma Humano<\/a>, dirigida a todas las ni\u00f1as de nueve a\u00f1os que cursan el cuarto grado de la ense\u00f1anza primaria.<\/p>\n<p><iframe src=\"https:\/\/www.ivoox.com\/player_ej_160838323_6_1.html?c1=7a0d0b\" width=\"100%\" height=\"200\" frameborder=\"0\" scrolling=\"no\" allowfullscreen=\"allowfullscreen\"><\/iframe><\/p>\n","protected":false},"excerpt":{"rendered":"<p>El lunes 27 de octubre inicia de la campa\u00f1a de vacunaci\u00f3n contra el Virus del Papiloma Humano, dirigida a todas las ni\u00f1as de nueve a\u00f1os que cursan el cuarto grado de la ense\u00f1anza primaria.<\/p>\n","protected":false},"author":176,"featured_media":55925,"comment_status":"open","ping_status":"open","sticky":false,"template":"","format":"standard","meta":{"_acf_changed":false,"footnotes":""},"categories":[8,9,5],"tags":[],"coauthors":[1918],"class_list":["post-55923","post","type-post","status-publish","format-standard","has-post-thumbnail","hentry","category-noticia","category-en-audio","category-salud"],"acf":[],"_links":{"self":[{"href":"https:\/\/www.radiosanctispiritus.cu\/es\/wp-json\/wp\/v2\/posts\/55923","targetHints":{"allow":["GET"]}}],"collection":[{"href":"https:\/\/www.radiosanctispiritus.cu\/es\/wp-json\/wp\/v2\/posts"}],"about":[{"href":"https:\/\/www.radiosanctispiritus.cu\/es\/wp-json\/wp\/v2\/types\/post"}],"author":[{"embeddable":true,"href":"https:\/\/www.radiosanctispiritus.cu\/es\/wp-json\/wp\/v2\/users\/176"}],"replies":[{"embeddable":true,"href":"https:\/\/www.radiosanctispiritus.cu\/es\/wp-json\/wp\/v2\/comments?post=55923"}],"version-history":[{"count":1,"href":"https:\/\/www.radiosanctispiritus.cu\/es\/wp-json\/wp\/v2\/posts\/55923\/revisions"}],"predecessor-version":[{"id":55926,"href":"https:\/\/www.radiosanctispiritus.cu\/es\/wp-json\/wp\/v2\/posts\/55923\/revisions\/55926"}],"wp:featuredmedia":[{"embeddable":true,"href":"https:\/\/www.radiosanctispiritus.cu\/es\/wp-json\/wp\/v2\/media\/55925"}],"wp:attachment":[{"href":"https:\/\/www.radiosanctispiritus.cu\/es\/wp-json\/wp\/v2\/media?parent=55923"}],"wp:term":[{"taxonomy":"category","embeddable":true,"href":"https:\/\/www.radiosanctispiritus.cu\/es\/wp-json\/wp\/v2\/categories?post=55923"},{"taxonomy":"post_tag","embeddable":true,"href":"https:\/\/www.radiosanctispiritus.cu\/es\/wp-json\/wp\/v2\/tags?post=55923"},{"taxonomy":"author","embeddable":true,"href":"https:\/\/www.radiosanctispiritus.cu\/es\/wp-json\/wp\/v2\/coauthors?post=55923"}],"curies":[{"name":"wp","href":"https:\/\/api.w.org\/{rel}","templated":true}]}}